{"id":51349,"date":"2022-11-21T19:21:43","date_gmt":"2022-11-21T18:21:43","guid":{"rendered":"https:\/\/carabunhas.com\/?p=51349"},"modified":"2023-10-05T18:22:32","modified_gmt":"2023-10-05T16:22:32","slug":"cinco-quesos-gallegos-que-tienes-que-probar-este-ano","status":"publish","type":"post","link":"https:\/\/carabunhas.com\/es\/cinco-quesos-gallegos-que-tienes-que-probar-este-ano\/","title":{"rendered":"Cinco quesos gallegos que tienes que probar este a\u00f1o."},"content":{"rendered":"\n<figure class=\"wp-block-image size-large\"><a href=\"https:\/\/carabunhas.com\/es\/categoria-producto\/quesos-gallegos\/\"><img loading=\"lazy\" width=\"1024\" height=\"760\" src=\"https:\/\/carabunhas.com\/wp-content\/uploads\/2021\/03\/WhatsApp-Image-2021-03-18-at-12.26.07-1024x760.jpeg\" alt=\"Bodegon de quesos gallegos. Tienda Carabu\u00f1as.\" class=\"wp-image-51302\" srcset=\"https:\/\/carabunhas.com\/wp-content\/uploads\/2021\/03\/WhatsApp-Image-2021-03-18-at-12.26.07-1024x760.jpeg 1024w, https:\/\/carabunhas.com\/wp-content\/uploads\/2021\/03\/WhatsApp-Image-2021-03-18-at-12.26.07-300x223.jpeg 300w, https:\/\/carabunhas.com\/wp-content\/uploads\/2021\/03\/WhatsApp-Image-2021-03-18-at-12.26.07-768x570.jpeg 768w, https:\/\/carabunhas.com\/wp-content\/uploads\/2021\/03\/WhatsApp-Image-2021-03-18-at-12.26.07-1536x1139.jpeg 1536w, https:\/\/carabunhas.com\/wp-content\/uploads\/2021\/03\/WhatsApp-Image-2021-03-18-at-12.26.07-1200x890.jpeg 1200w, https:\/\/carabunhas.com\/wp-content\/uploads\/2021\/03\/WhatsApp-Image-2021-03-18-at-12.26.07-450x334.jpeg 450w, https:\/\/carabunhas.com\/wp-content\/uploads\/2021\/03\/WhatsApp-Image-2021-03-18-at-12.26.07-600x445.jpeg 600w, https:\/\/carabunhas.com\/wp-content\/uploads\/2021\/03\/WhatsApp-Image-2021-03-18-at-12.26.07.jpeg 1599w\" sizes=\"(max-width: 1024px) 100vw, 1024px\" \/><\/a><figcaption>Quesos gallegos de la tienda Carabu\u00f1as.<\/figcaption><\/figure>\n\n\n\n<p>Si eres amante de los quesos, aqu\u00ed te presentamos <strong>cinco quesos gallegos que tienen que probar este a\u00f1o<\/strong>. En la despensa Carabu\u00f1as trabajamos solamente con proyectos amigos y tenemos la suerte que entre esos amigos est\u00e1n queser\u00edas de primer nivel, reconocidas nacional e internacionalmente.<\/p>\n\n\n\n<p>Aqu\u00ed os presentamos cinco joyas de la gastronomia gallega. Ejemplos destacados de tradici\u00f3n e innovaci\u00f3n en el rural: <\/p>\n\n\n\n<h2>Xiros de Bisqato.<\/h2>\n\n\n\n<div class=\"wp-block-cover is-light\"><span aria-hidden=\"true\" class=\"has-primary-background-color wp-block-cover__gradient-background has-background-dim\"><\/span><img loading=\"lazy\" width=\"1599\" height=\"1186\" class=\"wp-block-cover__image-background wp-image-51340\" alt=\"\" src=\"https:\/\/carabunhas.com\/wp-content\/uploads\/2021\/03\/WhatsApp-Image-2021-03-18-at-12.25.59-1.jpeg\" style=\"object-position:47% 0%\" data-object-fit=\"cover\" data-object-position=\"47% 0%\" srcset=\"https:\/\/carabunhas.com\/wp-content\/uploads\/2021\/03\/WhatsApp-Image-2021-03-18-at-12.25.59-1.jpeg 1599w, https:\/\/carabunhas.com\/wp-content\/uploads\/2021\/03\/WhatsApp-Image-2021-03-18-at-12.25.59-1-300x223.jpeg 300w, https:\/\/carabunhas.com\/wp-content\/uploads\/2021\/03\/WhatsApp-Image-2021-03-18-at-12.25.59-1-1024x760.jpeg 1024w, https:\/\/carabunhas.com\/wp-content\/uploads\/2021\/03\/WhatsApp-Image-2021-03-18-at-12.25.59-1-768x570.jpeg 768w, https:\/\/carabunhas.com\/wp-content\/uploads\/2021\/03\/WhatsApp-Image-2021-03-18-at-12.25.59-1-1536x1139.jpeg 1536w, https:\/\/carabunhas.com\/wp-content\/uploads\/2021\/03\/WhatsApp-Image-2021-03-18-at-12.25.59-1-1200x890.jpeg 1200w, https:\/\/carabunhas.com\/wp-content\/uploads\/2021\/03\/WhatsApp-Image-2021-03-18-at-12.25.59-1-450x334.jpeg 450w, https:\/\/carabunhas.com\/wp-content\/uploads\/2021\/03\/WhatsApp-Image-2021-03-18-at-12.25.59-1-600x445.jpeg 600w\" sizes=\"(max-width: 1599px) 100vw, 1599px\" \/><div class=\"wp-block-cover__inner-container\">\n<p class=\"has-text-align-center has-background-color has-text-color\" style=\"font-size:59px\">XIROS &#8211; BISQATO<\/p>\n<\/div><\/div>\n\n\n\n<h2>X<a href=\"https:\/\/carabunhas.com\/es\/producto\/queso-xiros-bisqato\/\">iros de Bisqato<\/a><\/h2>\n\n\n\n<p>Bisqato es un taller l\u00e1cteo artesanal que nace en una peque\u00f1a aldea de Labrada llamada Xiros, en Guitiriz, del sue\u00f1o de dos veterinarios: Miguel, enamorado del mundo del queso, y Mar\u00eda, con verdadera pasi\u00f3n por lo artesanal, y del amor de ambos por el rural gallego<strong>. <a href=\"https:\/\/carabunhas.com\/es\/producto\/queso-xiros-bisqato\/\" target=\"_blank\" rel=\"noreferrer noopener\">Bisqato<\/a><\/strong> es una palabra gallega que quiere decir \u201cpedazo peque\u00f1o de algo\u201d.&nbsp;<\/p>\n\n\n\n<p>Todo el proceso est\u00e1 hecho a mano y todos  los quesos son moldeados, volteados y envueltos uno a uno, con mimo y el mayor de los cuidados. Parten de una materia prima de gran calidad que procede de una granja contigua a la queser\u00eda, donde las vacas pacen libres, en un r\u00e9gimen de pastoreo rotacional a lo largo del a\u00f1o aprovechando as\u00ed los recursos propios de la zona.&nbsp;<\/p>\n\n\n\n<figure class=\"wp-block-image size-large is-style-default\"><a href=\"https:\/\/carabunhas.com\/es\/producto\/queso-xiros-bisqato\/\"><img loading=\"lazy\" width=\"1024\" height=\"760\" src=\"https:\/\/carabunhas.com\/wp-content\/uploads\/2021\/03\/WhatsApp-Image-2021-03-18-at-12.26.01-1024x760.jpeg\" alt=\"\" class=\"wp-image-51296\" srcset=\"https:\/\/carabunhas.com\/wp-content\/uploads\/2021\/03\/WhatsApp-Image-2021-03-18-at-12.26.01-1024x760.jpeg 1024w, https:\/\/carabunhas.com\/wp-content\/uploads\/2021\/03\/WhatsApp-Image-2021-03-18-at-12.26.01-300x223.jpeg 300w, https:\/\/carabunhas.com\/wp-content\/uploads\/2021\/03\/WhatsApp-Image-2021-03-18-at-12.26.01-768x570.jpeg 768w, https:\/\/carabunhas.com\/wp-content\/uploads\/2021\/03\/WhatsApp-Image-2021-03-18-at-12.26.01-1536x1139.jpeg 1536w, https:\/\/carabunhas.com\/wp-content\/uploads\/2021\/03\/WhatsApp-Image-2021-03-18-at-12.26.01-1200x890.jpeg 1200w, https:\/\/carabunhas.com\/wp-content\/uploads\/2021\/03\/WhatsApp-Image-2021-03-18-at-12.26.01-450x334.jpeg 450w, https:\/\/carabunhas.com\/wp-content\/uploads\/2021\/03\/WhatsApp-Image-2021-03-18-at-12.26.01-600x445.jpeg 600w, https:\/\/carabunhas.com\/wp-content\/uploads\/2021\/03\/WhatsApp-Image-2021-03-18-at-12.26.01.jpeg 1599w\" sizes=\"(max-width: 1024px) 100vw, 1024px\" \/><\/a><\/figure>\n\n\n\n<p>Queso de pasta blanda tipo brie, recubierto de mohos. Un queso con mucha personalidad, de sabores y olores que recuerdan al pasto y matices propios de la alta monta\u00f1a.<\/p>\n\n\n\n<h2>Queser\u00eda Arias Moniz<\/h2>\n\n\n\n<p>Ana, Ricardo y Jes\u00fas son quienes llevan los timones de este proyecto, localizado en Chantada, Lugo. Elaboran quesos derivados de leche crudo de vacas raza Jersey que pacen durante todo el a\u00f1o en exterior. Bajo el nombre de Airas Moniz nos quieren ense\u00f1ar que aman su tierra y que a trav\u00e9s de su pasi\u00f3n, el queso, los animales y el mundo rural, se puede invertir la tendencia existente en la actualidad del abandono de este.<\/p>\n\n\n\n<div class=\"wp-container-1 wp-block-group\"><div class=\"wp-block-group__inner-container\">\n<div class=\"wp-block-columns\">\n<div class=\"wp-block-column\"><\/div>\n<\/div>\n<\/div><\/div>\n\n\n\n<div class=\"wp-block-cover is-light\"><span aria-hidden=\"true\" class=\"has-primary-background-color wp-block-cover__gradient-background has-background-dim\"><\/span><img loading=\"lazy\" width=\"1419\" height=\"1052\" class=\"wp-block-cover__image-background wp-image-51314\" alt=\"\" src=\"https:\/\/carabunhas.com\/wp-content\/uploads\/2021\/03\/WhatsApp-Image-2021-03-18-at-12.25.48.jpeg\" style=\"object-position:55% 26%\" data-object-fit=\"cover\" data-object-position=\"55% 26%\" srcset=\"https:\/\/carabunhas.com\/wp-content\/uploads\/2021\/03\/WhatsApp-Image-2021-03-18-at-12.25.48.jpeg 1419w, https:\/\/carabunhas.com\/wp-content\/uploads\/2021\/03\/WhatsApp-Image-2021-03-18-at-12.25.48-300x222.jpeg 300w, https:\/\/carabunhas.com\/wp-content\/uploads\/2021\/03\/WhatsApp-Image-2021-03-18-at-12.25.48-1024x759.jpeg 1024w, https:\/\/carabunhas.com\/wp-content\/uploads\/2021\/03\/WhatsApp-Image-2021-03-18-at-12.25.48-768x569.jpeg 768w, https:\/\/carabunhas.com\/wp-content\/uploads\/2021\/03\/WhatsApp-Image-2021-03-18-at-12.25.48-1200x890.jpeg 1200w, https:\/\/carabunhas.com\/wp-content\/uploads\/2021\/03\/WhatsApp-Image-2021-03-18-at-12.25.48-450x334.jpeg 450w, https:\/\/carabunhas.com\/wp-content\/uploads\/2021\/03\/WhatsApp-Image-2021-03-18-at-12.25.48-600x445.jpeg 600w\" sizes=\"(max-width: 1419px) 100vw, 1419px\" \/><div class=\"wp-block-cover__inner-container\">\n<p class=\"has-text-align-center has-background-color has-text-color\" style=\"font-size:92px\">TERRA<\/p>\n<\/div><\/div>\n\n\n\n<h3><a href=\"https:\/\/carabunhas.com\/es\/producto\/queso-terra-airas-moniz\/\"> Terra de Airas Moniz<\/a><\/h3>\n\n\n\n<p>Terra es un queso de pasta blanda. Su color dorado en el interior contrasta con el color gris\u00e1ceo de la capa exterior, debido a los mohos que la cubren y que le dan un peculiar sabor a \u201cTerra\u201d (tierra). Este queso no es prensado durante su elaboraci\u00f3n y su sabor se va acentuando con el paso del tiempo.<\/p>\n\n\n\n<figure class=\"wp-block-gallery has-nested-images columns-default is-cropped\">\n<figure class=\"wp-block-image size-large\"><a href=\"https:\/\/carabunhas.com\/es\/producto\/queso-terra-airas-moniz\/\"><img loading=\"lazy\" width=\"1024\" height=\"760\" data-id=\"51312\"  src=\"https:\/\/carabunhas.com\/wp-content\/uploads\/2021\/03\/WhatsApp-Image-2021-03-18-at-12.25.57-1024x760.jpeg\" alt=\"\" class=\"wp-image-51312\" srcset=\"https:\/\/carabunhas.com\/wp-content\/uploads\/2021\/03\/WhatsApp-Image-2021-03-18-at-12.25.57-1024x760.jpeg 1024w, https:\/\/carabunhas.com\/wp-content\/uploads\/2021\/03\/WhatsApp-Image-2021-03-18-at-12.25.57-300x223.jpeg 300w, https:\/\/carabunhas.com\/wp-content\/uploads\/2021\/03\/WhatsApp-Image-2021-03-18-at-12.25.57-768x570.jpeg 768w, https:\/\/carabunhas.com\/wp-content\/uploads\/2021\/03\/WhatsApp-Image-2021-03-18-at-12.25.57-1200x890.jpeg 1200w, https:\/\/carabunhas.com\/wp-content\/uploads\/2021\/03\/WhatsApp-Image-2021-03-18-at-12.25.57-450x334.jpeg 450w, https:\/\/carabunhas.com\/wp-content\/uploads\/2021\/03\/WhatsApp-Image-2021-03-18-at-12.25.57-600x445.jpeg 600w, https:\/\/carabunhas.com\/wp-content\/uploads\/2021\/03\/WhatsApp-Image-2021-03-18-at-12.25.57.jpeg 1487w\" sizes=\"(max-width: 1024px) 100vw, 1024px\" \/><\/a><\/figure>\n\n\n\n<figure class=\"wp-block-image size-large\"><a href=\"https:\/\/carabunhas.com\/es\/producto\/queso-terra-airas-moniz\/\"><img loading=\"lazy\" width=\"1024\" height=\"759\" data-id=\"51314\"  src=\"https:\/\/carabunhas.com\/wp-content\/uploads\/2021\/03\/WhatsApp-Image-2021-03-18-at-12.25.48-1024x759.jpeg\" alt=\"\" class=\"wp-image-51314\" srcset=\"https:\/\/carabunhas.com\/wp-content\/uploads\/2021\/03\/WhatsApp-Image-2021-03-18-at-12.25.48-1024x759.jpeg 1024w, https:\/\/carabunhas.com\/wp-content\/uploads\/2021\/03\/WhatsApp-Image-2021-03-18-at-12.25.48-300x222.jpeg 300w, https:\/\/carabunhas.com\/wp-content\/uploads\/2021\/03\/WhatsApp-Image-2021-03-18-at-12.25.48-768x569.jpeg 768w, https:\/\/carabunhas.com\/wp-content\/uploads\/2021\/03\/WhatsApp-Image-2021-03-18-at-12.25.48-1200x890.jpeg 1200w, https:\/\/carabunhas.com\/wp-content\/uploads\/2021\/03\/WhatsApp-Image-2021-03-18-at-12.25.48-450x334.jpeg 450w, https:\/\/carabunhas.com\/wp-content\/uploads\/2021\/03\/WhatsApp-Image-2021-03-18-at-12.25.48-600x445.jpeg 600w, https:\/\/carabunhas.com\/wp-content\/uploads\/2021\/03\/WhatsApp-Image-2021-03-18-at-12.25.48.jpeg 1419w\" sizes=\"(max-width: 1024px) 100vw, 1024px\" \/><\/a><\/figure>\n<\/figure>\n\n\n\n<p>Se puede consumir en pedazos, o tambi\u00e9n puedes probar a recortarle la tapa de arriba y reba\u00f1arlo poco a poco con un buen pedazo de pan de centeno, aprovechando que se vuelve m\u00e1s cremoso. Un bocado de pasado, sabor bien recordado por nuestras personas mayores, que sin duda est\u00e1 a la altura de los paladares queseros m\u00e1s exigentes.&nbsp;&nbsp;<\/p>\n\n\n\n<div class=\"wp-block-cover is-light\"><span aria-hidden=\"true\" class=\"wp-block-cover__gradient-background has-background-dim\"><\/span><img loading=\"lazy\" width=\"1599\" height=\"1186\" class=\"wp-block-cover__image-background wp-image-51306\" alt=\"\" src=\"https:\/\/carabunhas.com\/wp-content\/uploads\/2021\/03\/WhatsApp-Image-2021-03-18-at-12.26.02.jpeg\" data-object-fit=\"cover\" srcset=\"https:\/\/carabunhas.com\/wp-content\/uploads\/2021\/03\/WhatsApp-Image-2021-03-18-at-12.26.02.jpeg 1599w, https:\/\/carabunhas.com\/wp-content\/uploads\/2021\/03\/WhatsApp-Image-2021-03-18-at-12.26.02-300x223.jpeg 300w, https:\/\/carabunhas.com\/wp-content\/uploads\/2021\/03\/WhatsApp-Image-2021-03-18-at-12.26.02-1024x760.jpeg 1024w, https:\/\/carabunhas.com\/wp-content\/uploads\/2021\/03\/WhatsApp-Image-2021-03-18-at-12.26.02-768x570.jpeg 768w, https:\/\/carabunhas.com\/wp-content\/uploads\/2021\/03\/WhatsApp-Image-2021-03-18-at-12.26.02-1536x1139.jpeg 1536w, https:\/\/carabunhas.com\/wp-content\/uploads\/2021\/03\/WhatsApp-Image-2021-03-18-at-12.26.02-1200x890.jpeg 1200w, https:\/\/carabunhas.com\/wp-content\/uploads\/2021\/03\/WhatsApp-Image-2021-03-18-at-12.26.02-450x334.jpeg 450w, https:\/\/carabunhas.com\/wp-content\/uploads\/2021\/03\/WhatsApp-Image-2021-03-18-at-12.26.02-600x445.jpeg 600w\" sizes=\"(max-width: 1599px) 100vw, 1599px\" \/><div class=\"wp-block-cover__inner-container\">\n<p class=\"has-text-align-center has-background-color has-text-color\" style=\"font-size:99px\">SAVEL<\/p>\n<\/div><\/div>\n\n\n\n<h3><a href=\"https:\/\/carabunhas.com\/es\/producto\/queso-savel-airas-moniz\/\"> <\/a>Savel de Airas Moniz.<\/h3>\n\n\n\n<p>Este <strong>queso azul Savel de Airas Moniz<\/strong> destaca por su inconfundible e intenso olor, pero sorprende por su suavidad, elegancia y untuosidad. Madura en bodega en la cual se encuentra el penicilium roqueforti.<\/p>\n\n\n\n<figure class=\"wp-block-gallery has-nested-images columns-default is-cropped\">\n<figure class=\"wp-block-image size-large\"><a href=\"https:\/\/carabunhas.com\/es\/producto\/queso-savel-airas-moniz\/\"><img loading=\"lazy\" width=\"1024\" height=\"760\" data-id=\"51304\"  src=\"https:\/\/carabunhas.com\/wp-content\/uploads\/2021\/03\/WhatsApp-Image-2021-03-18-at-12.26.06-1024x760.jpeg\" alt=\"Cu\u00f1as de queso azul Savel de Airas Moniz. Tienda Carabu\u00f1as.\" class=\"wp-image-51304\" srcset=\"https:\/\/carabunhas.com\/wp-content\/uploads\/2021\/03\/WhatsApp-Image-2021-03-18-at-12.26.06-1024x760.jpeg 1024w, https:\/\/carabunhas.com\/wp-content\/uploads\/2021\/03\/WhatsApp-Image-2021-03-18-at-12.26.06-300x223.jpeg 300w, https:\/\/carabunhas.com\/wp-content\/uploads\/2021\/03\/WhatsApp-Image-2021-03-18-at-12.26.06-768x570.jpeg 768w, https:\/\/carabunhas.com\/wp-content\/uploads\/2021\/03\/WhatsApp-Image-2021-03-18-at-12.26.06-1536x1139.jpeg 1536w, https:\/\/carabunhas.com\/wp-content\/uploads\/2021\/03\/WhatsApp-Image-2021-03-18-at-12.26.06-1200x890.jpeg 1200w, https:\/\/carabunhas.com\/wp-content\/uploads\/2021\/03\/WhatsApp-Image-2021-03-18-at-12.26.06-450x334.jpeg 450w, https:\/\/carabunhas.com\/wp-content\/uploads\/2021\/03\/WhatsApp-Image-2021-03-18-at-12.26.06-600x445.jpeg 600w, https:\/\/carabunhas.com\/wp-content\/uploads\/2021\/03\/WhatsApp-Image-2021-03-18-at-12.26.06.jpeg 1599w\" sizes=\"(max-width: 1024px) 100vw, 1024px\" \/><\/a><\/figure>\n\n\n\n<figure class=\"wp-block-image size-large\"><a href=\"https:\/\/carabunhas.com\/es\/producto\/queso-savel-airas-moniz\/\"><img loading=\"lazy\" width=\"1024\" height=\"760\" data-id=\"51306\"  src=\"https:\/\/carabunhas.com\/wp-content\/uploads\/2021\/03\/WhatsApp-Image-2021-03-18-at-12.26.02-1024x760.jpeg\" alt=\"Pieza de queso azul Savel de Aira Moniz. Tienda Carabu\u00f1as.\" class=\"wp-image-51306\" srcset=\"https:\/\/carabunhas.com\/wp-content\/uploads\/2021\/03\/WhatsApp-Image-2021-03-18-at-12.26.02-1024x760.jpeg 1024w, https:\/\/carabunhas.com\/wp-content\/uploads\/2021\/03\/WhatsApp-Image-2021-03-18-at-12.26.02-300x223.jpeg 300w, https:\/\/carabunhas.com\/wp-content\/uploads\/2021\/03\/WhatsApp-Image-2021-03-18-at-12.26.02-768x570.jpeg 768w, https:\/\/carabunhas.com\/wp-content\/uploads\/2021\/03\/WhatsApp-Image-2021-03-18-at-12.26.02-1536x1139.jpeg 1536w, https:\/\/carabunhas.com\/wp-content\/uploads\/2021\/03\/WhatsApp-Image-2021-03-18-at-12.26.02-1200x890.jpeg 1200w, https:\/\/carabunhas.com\/wp-content\/uploads\/2021\/03\/WhatsApp-Image-2021-03-18-at-12.26.02-450x334.jpeg 450w, https:\/\/carabunhas.com\/wp-content\/uploads\/2021\/03\/WhatsApp-Image-2021-03-18-at-12.26.02-600x445.jpeg 600w, https:\/\/carabunhas.com\/wp-content\/uploads\/2021\/03\/WhatsApp-Image-2021-03-18-at-12.26.02.jpeg 1599w\" sizes=\"(max-width: 1024px) 100vw, 1024px\" \/><\/a><\/figure>\n<\/figure>\n\n\n\n<p>Las vetas entre el azul y el gris verdoso, junto con el color amarillo de la pasta procedente de la leche de las vacas Jersey en pastoreo hacen que este queso sea \u00fanico y as\u00ed se vea reconocido a nivel global, pues el Savel es considerado el <a href=\"https:\/\/www.lavanguardia.com\/comer\/materia-prima\/20200218\/473425019517\/savel-queso-azul-espana-airas-moniz.html#:~:text=Savel%2C%20el%20mejor%20queso%20azul,de%20la%20Ribeira%20Sacra%20lucense.\">mejor queso azul de la pen\u00ednsula.<\/a><\/p>\n\n\n\n<div class=\"wp-block-cover is-light\"><span aria-hidden=\"true\" class=\"wp-block-cover__gradient-background has-background-dim\"><\/span><img loading=\"lazy\" width=\"1599\" height=\"1186\" class=\"wp-block-cover__image-background wp-image-51300\" alt=\"\" src=\"https:\/\/carabunhas.com\/wp-content\/uploads\/2021\/03\/WhatsApp-Image-2021-03-18-at-12.26.07-1.jpeg\" data-object-fit=\"cover\" srcset=\"https:\/\/carabunhas.com\/wp-content\/uploads\/2021\/03\/WhatsApp-Image-2021-03-18-at-12.26.07-1.jpeg 1599w, https:\/\/carabunhas.com\/wp-content\/uploads\/2021\/03\/WhatsApp-Image-2021-03-18-at-12.26.07-1-300x223.jpeg 300w, https:\/\/carabunhas.com\/wp-content\/uploads\/2021\/03\/WhatsApp-Image-2021-03-18-at-12.26.07-1-1024x760.jpeg 1024w, https:\/\/carabunhas.com\/wp-content\/uploads\/2021\/03\/WhatsApp-Image-2021-03-18-at-12.26.07-1-768x570.jpeg 768w, https:\/\/carabunhas.com\/wp-content\/uploads\/2021\/03\/WhatsApp-Image-2021-03-18-at-12.26.07-1-1536x1139.jpeg 1536w, https:\/\/carabunhas.com\/wp-content\/uploads\/2021\/03\/WhatsApp-Image-2021-03-18-at-12.26.07-1-1200x890.jpeg 1200w, https:\/\/carabunhas.com\/wp-content\/uploads\/2021\/03\/WhatsApp-Image-2021-03-18-at-12.26.07-1-450x334.jpeg 450w, https:\/\/carabunhas.com\/wp-content\/uploads\/2021\/03\/WhatsApp-Image-2021-03-18-at-12.26.07-1-600x445.jpeg 600w\" sizes=\"(max-width: 1599px) 100vw, 1599px\" \/><div class=\"wp-block-cover__inner-container\">\n<p class=\"has-text-align-center has-background-color has-text-color\" style=\"font-size:87px\">O MOURO<\/p>\n<\/div><\/div>\n\n\n\n<h3>O<a href=\"https:\/\/carabunhas.com\/es\/producto\/queso-o-mouro-campo-capela\/\"> Mouro de Campocapela<\/a><\/h3>\n\n\n\n<p>No muy lejos de las Fragas do Eume se situa la Cooperativa Campo Capela. De ella recogemos este peculiar queso de pasta blanda elaborado con leche de vaca en semi-extensivo que pacen en los prados que rodean a la cooperativa. Su gran peculiaridad es el afinado de su corteza natural dura y compacta, totalmente comestible, que se infusiona a base de una mezcla de caf\u00e9 y canela que le dan una personalidad propia.<\/p>\n\n\n\n<figure class=\"wp-block-gallery has-nested-images columns-default is-cropped\">\n<figure class=\"wp-block-image size-large\"><a href=\"https:\/\/carabunhas.com\/es\/producto\/queso-o-mouro-campo-capela\/\"><img loading=\"lazy\" width=\"1024\" height=\"683\" data-id=\"51250\"  src=\"https:\/\/carabunhas.com\/wp-content\/uploads\/2021\/03\/Queso-O-Mouro-1024x683.jpg\" alt=\"Queso O Mouro de queser\u00eda Campo Capela. Tienda Carabu\u00f1as.\" class=\"wp-image-51250\" srcset=\"https:\/\/carabunhas.com\/wp-content\/uploads\/2021\/03\/Queso-O-Mouro-1024x683.jpg 1024w, https:\/\/carabunhas.com\/wp-content\/uploads\/2021\/03\/Queso-O-Mouro-300x200.jpg 300w, https:\/\/carabunhas.com\/wp-content\/uploads\/2021\/03\/Queso-O-Mouro-768x512.jpg 768w, https:\/\/carabunhas.com\/wp-content\/uploads\/2021\/03\/Queso-O-Mouro-450x300.jpg 450w, https:\/\/carabunhas.com\/wp-content\/uploads\/2021\/03\/Queso-O-Mouro-600x400.jpg 600w, https:\/\/carabunhas.com\/wp-content\/uploads\/2021\/03\/Queso-O-Mouro.jpg 1200w\" sizes=\"(max-width: 1024px) 100vw, 1024px\" \/><\/a><\/figure>\n\n\n\n<figure class=\"wp-block-image size-large\"><a href=\"https:\/\/carabunhas.com\/es\/producto\/queso-o-mouro-campo-capela\/\"><img loading=\"lazy\" width=\"1024\" height=\"760\" data-id=\"51300\"  src=\"https:\/\/carabunhas.com\/wp-content\/uploads\/2021\/03\/WhatsApp-Image-2021-03-18-at-12.26.07-1-1024x760.jpeg\" alt=\"Caja de queso Mouro de queseria Campo Capela. Tienda Carabu\u00f1as.\" class=\"wp-image-51300\" srcset=\"https:\/\/carabunhas.com\/wp-content\/uploads\/2021\/03\/WhatsApp-Image-2021-03-18-at-12.26.07-1-1024x760.jpeg 1024w, https:\/\/carabunhas.com\/wp-content\/uploads\/2021\/03\/WhatsApp-Image-2021-03-18-at-12.26.07-1-300x223.jpeg 300w, https:\/\/carabunhas.com\/wp-content\/uploads\/2021\/03\/WhatsApp-Image-2021-03-18-at-12.26.07-1-768x570.jpeg 768w, https:\/\/carabunhas.com\/wp-content\/uploads\/2021\/03\/WhatsApp-Image-2021-03-18-at-12.26.07-1-1536x1139.jpeg 1536w, https:\/\/carabunhas.com\/wp-content\/uploads\/2021\/03\/WhatsApp-Image-2021-03-18-at-12.26.07-1-1200x890.jpeg 1200w, https:\/\/carabunhas.com\/wp-content\/uploads\/2021\/03\/WhatsApp-Image-2021-03-18-at-12.26.07-1-450x334.jpeg 450w, https:\/\/carabunhas.com\/wp-content\/uploads\/2021\/03\/WhatsApp-Image-2021-03-18-at-12.26.07-1-600x445.jpeg 600w, https:\/\/carabunhas.com\/wp-content\/uploads\/2021\/03\/WhatsApp-Image-2021-03-18-at-12.26.07-1.jpeg 1599w\" sizes=\"(max-width: 1024px) 100vw, 1024px\" \/><\/a><\/figure>\n<\/figure>\n\n\n\n<p>Esta combinaci\u00f3n de ingredientes no afecta al interior del queso, pues mantiene sus caracter\u00edsticas de pasta blanda y sabor suave con matices a yogur y nata. Cuenta con la medalla de oro en el campeonato del mundo World Cheese Awards, edici\u00f3n 2018, y antes de comerlo se recomendaba templarlo sac\u00e1ndolo una hora antes del frigor\u00edfico. Cada porci\u00f3n debe cortarse llevando siempre la corteza, para as\u00ed percibir mejor todos los matices de sabor.<\/p>\n\n\n\n<h3>Queser\u00eda Feijoo.<\/h3>\n\n\n\n<p>Desde Celanova os traemos tres quesos diferentes. Julio Alonso Feijoo, un ingeniero agr\u00f3nomo, es la quinta generaci\u00f3n que toma el relevo en esta queser\u00eda que cuenta con el sello de Galicia Calidade. Una de las pocas queser\u00edas que quedan en la provincia de Ourense y una de las m\u00e1s antiguas de Galicia. As\u00ed pues, es de su mano que os traemos la cu\u00f1a de Ib\u00e9rico tres leches, cu\u00f1a de oveja o mezcla de leche de oveja y vaca.&nbsp;<\/p>\n\n\n\n<h3>Queso Tisquel de queser\u00eda Feijoo.<\/h3>\n\n\n\n<figure class=\"wp-block-gallery has-nested-images columns-default is-cropped\">\n<figure class=\"wp-block-image size-large\"><a href=\"https:\/\/carabunhas.com\/es\/categoria-producto\/quesos-gallegos\/\"><img loading=\"lazy\" width=\"1024\" height=\"1024\" data-id=\"53410\"  src=\"https:\/\/carabunhas.com\/wp-content\/uploads\/2021\/03\/fotos-web-2_0000__MG_5144-1024x1024.png\" alt=\"Queso Trisquel de queseria Feijoo. Tienda Carabu\u00f1as.\" class=\"wp-image-53410\" srcset=\"https:\/\/carabunhas.com\/wp-content\/uploads\/2021\/03\/fotos-web-2_0000__MG_5144-1024x1024.png 1024w, https:\/\/carabunhas.com\/wp-content\/uploads\/2021\/03\/fotos-web-2_0000__MG_5144-300x300.png 300w, https:\/\/carabunhas.com\/wp-content\/uploads\/2021\/03\/fotos-web-2_0000__MG_5144-150x150.png 150w, https:\/\/carabunhas.com\/wp-content\/uploads\/2021\/03\/fotos-web-2_0000__MG_5144-768x768.png 768w, https:\/\/carabunhas.com\/wp-content\/uploads\/2021\/03\/fotos-web-2_0000__MG_5144-1200x1200.png 1200w, https:\/\/carabunhas.com\/wp-content\/uploads\/2021\/03\/fotos-web-2_0000__MG_5144-450x450.png 450w, https:\/\/carabunhas.com\/wp-content\/uploads\/2021\/03\/fotos-web-2_0000__MG_5144-600x600.png 600w, https:\/\/carabunhas.com\/wp-content\/uploads\/2021\/03\/fotos-web-2_0000__MG_5144-100x100.png 100w, https:\/\/carabunhas.com\/wp-content\/uploads\/2021\/03\/fotos-web-2_0000__MG_5144.png 1500w\" sizes=\"(max-width: 1024px) 100vw, 1024px\" \/><\/a><\/figure>\n<\/figure>\n\n\n\n<p><strong>Elaborado con leche pasteurizada de cabra, sal, cloruro c\u00e1lcico, cuajo y fermentos l\u00e1cticos.&nbsp;<\/strong>Es la versi\u00f3n gallega de un queso Camembert pero elaborado con leche pasteurizada de cabra. Su textura es cremosa, firme, flexible y con lados lisos y rectos, su corteza es muy blanda, suave con una sensaci\u00f3n de terciopelo ya que posee un hongo llamado Pnicillium Camemberti de color blanco que se forma en el proceso de maduraci\u00f3n que se logra para esta variedad de queso. Su pasta con color marfil muy brillante, posee algunos agujeros en su superficie y parte interna, su esencia es terrosa, dulces, hongos o leche caliente. Su sabor se volver\u00e1 m\u00e1s fuerte a medida que consigue mayor tiempo de maduraci\u00f3n<\/p>\n\n\n\n<div class=\"wp-container-3 wp-block-group\"><div class=\"wp-block-group__inner-container\">\n<div class=\"wp-container-2 wp-block-buttons\">\n<div class=\"wp-block-button\"><a class=\"wp-block-button__link\" href=\"https:\/\/carabunhas.com\/es\/categoria-producto\/quesos-gallegos\/\">Tienda de Quesos<\/a><\/div>\n<\/div>\n<\/div><\/div>\n","protected":false},"excerpt":{"rendered":"<p>Si eres amante de los quesos, aqu\u00ed te presentamos cinco quesos gallegos que tienen que probar este a\u00f1o.<\/p>\n","protected":false},"author":161,"featured_media":51329,"comment_status":"closed","ping_status":"closed","sticky":false,"template":"templates\/template-full-width.php","format":"standard","meta":[],"categories":[14735],"tags":[],"acf":[],"yoast_head":"<!-- This site is optimized with the Yoast SEO plugin v18.9-RC1 - https:\/\/yoast.com\/wordpress\/plugins\/seo\/ -->\n<title>Cinco quesos gallegos que tienes que probar este a\u00f1o. - Carabu\u00f1as<\/title>\n<meta name=\"description\" content=\"Los quesos de la despensa Carabu\u00f1as: Son variadas las queser\u00edas pr\u00f3ximas a nuestro proyecto con las que colaboramos para ofreceros un gran...\" \/>\n<meta name=\"robots\" content=\"index, follow, max-snippet:-1, max-image-preview:large, max-video-preview:-1\" \/>\n<link rel=\"canonical\" href=\"https:\/\/carabunhas.com\/es\/cinco-quesos-gallegos-que-tienes-que-probar-este-ano\/\" \/>\n<meta property=\"og:locale\" content=\"es_ES\" \/>\n<meta property=\"og:type\" content=\"article\" \/>\n<meta property=\"og:title\" content=\"Cinco quesos gallegos que tienes que probar este a\u00f1o. - Carabu\u00f1as\" \/>\n<meta property=\"og:description\" content=\"Los quesos de la despensa Carabu\u00f1as: Son variadas las queser\u00edas pr\u00f3ximas a nuestro proyecto con las que colaboramos para ofreceros un gran...\" \/>\n<meta property=\"og:url\" content=\"https:\/\/carabunhas.com\/es\/cinco-quesos-gallegos-que-tienes-que-probar-este-ano\/\" \/>\n<meta property=\"og:site_name\" content=\"Carabu\u00f1as\" \/>\n<meta property=\"article:published_time\" content=\"2022-11-21T18:21:43+00:00\" \/>\n<meta property=\"article:modified_time\" content=\"2023-10-05T16:22:32+00:00\" \/>\n<meta property=\"og:image\" content=\"https:\/\/carabunhas.com\/wp-content\/uploads\/2021\/03\/WhatsApp-Image-2021-03-18-at-12.26.07-3.jpeg\" \/>\n\t<meta property=\"og:image:width\" content=\"1599\" \/>\n\t<meta property=\"og:image:height\" content=\"1186\" \/>\n\t<meta property=\"og:image:type\" content=\"image\/jpeg\" \/>\n<meta name=\"twitter:card\" content=\"summary_large_image\" \/>\n<meta name=\"twitter:label1\" content=\"Escrito por\" \/>\n\t<meta name=\"twitter:data1\" content=\"infocarabunhas\" \/>\n\t<meta name=\"twitter:label2\" content=\"Tiempo de lectura\" \/>\n\t<meta name=\"twitter:data2\" content=\"7 minutos\" \/>\n<script type=\"application\/ld+json\" class=\"yoast-schema-graph\">{\"@context\":\"https:\/\/schema.org\",\"@graph\":[{\"@type\":\"WebSite\",\"@id\":\"https:\/\/carabunhas.com\/#website\",\"url\":\"https:\/\/carabunhas.com\/\",\"name\":\"Carabu\u00f1as\",\"description\":\"\",\"potentialAction\":[{\"@type\":\"SearchAction\",\"target\":{\"@type\":\"EntryPoint\",\"urlTemplate\":\"https:\/\/carabunhas.com\/?s={search_term_string}\"},\"query-input\":\"required name=search_term_string\"}],\"inLanguage\":\"es\"},{\"@type\":\"ImageObject\",\"inLanguage\":\"es\",\"@id\":\"https:\/\/carabunhas.com\/es\/cinco-quesos-gallegos-que-tienes-que-probar-este-ano\/#primaryimage\",\"url\":\"https:\/\/carabunhas.com\/wp-content\/uploads\/2021\/03\/WhatsApp-Image-2021-03-18-at-12.26.07-3.jpeg\",\"contentUrl\":\"https:\/\/carabunhas.com\/wp-content\/uploads\/2021\/03\/WhatsApp-Image-2021-03-18-at-12.26.07-3.jpeg\",\"width\":1599,\"height\":1186},{\"@type\":\"WebPage\",\"@id\":\"https:\/\/carabunhas.com\/es\/cinco-quesos-gallegos-que-tienes-que-probar-este-ano\/#webpage\",\"url\":\"https:\/\/carabunhas.com\/es\/cinco-quesos-gallegos-que-tienes-que-probar-este-ano\/\",\"name\":\"Cinco quesos gallegos que tienes que probar este a\u00f1o. - Carabu\u00f1as\",\"isPartOf\":{\"@id\":\"https:\/\/carabunhas.com\/#website\"},\"primaryImageOfPage\":{\"@id\":\"https:\/\/carabunhas.com\/es\/cinco-quesos-gallegos-que-tienes-que-probar-este-ano\/#primaryimage\"},\"datePublished\":\"2022-11-21T18:21:43+00:00\",\"dateModified\":\"2023-10-05T16:22:32+00:00\",\"author\":{\"@id\":\"https:\/\/carabunhas.com\/#\/schema\/person\/41b0a92a2ddb88a4186b3f3d2dba02a7\"},\"description\":\"Los quesos de la despensa Carabu\u00f1as: Son variadas las queser\u00edas pr\u00f3ximas a nuestro proyecto con las que colaboramos para ofreceros un gran...\",\"breadcrumb\":{\"@id\":\"https:\/\/carabunhas.com\/es\/cinco-quesos-gallegos-que-tienes-que-probar-este-ano\/#breadcrumb\"},\"inLanguage\":\"es\",\"potentialAction\":[{\"@type\":\"ReadAction\",\"target\":[\"https:\/\/carabunhas.com\/es\/cinco-quesos-gallegos-que-tienes-que-probar-este-ano\/\"]}]},{\"@type\":\"BreadcrumbList\",\"@id\":\"https:\/\/carabunhas.com\/es\/cinco-quesos-gallegos-que-tienes-que-probar-este-ano\/#breadcrumb\",\"itemListElement\":[{\"@type\":\"ListItem\",\"position\":1,\"name\":\"Portada\",\"item\":\"https:\/\/carabunhas.com\/es\/\"},{\"@type\":\"ListItem\",\"position\":2,\"name\":\"Cinco quesos gallegos que tienes que probar este a\u00f1o.\"}]},{\"@type\":\"Person\",\"@id\":\"https:\/\/carabunhas.com\/#\/schema\/person\/41b0a92a2ddb88a4186b3f3d2dba02a7\",\"name\":\"infocarabunhas\",\"url\":\"https:\/\/carabunhas.com\/es\/author\/infocarabunhas\/\"}]}<\/script>\n<!-- \/ Yoast SEO plugin. -->","yoast_head_json":{"title":"Cinco quesos gallegos que tienes que probar este a\u00f1o. - Carabu\u00f1as","description":"Los quesos de la despensa Carabu\u00f1as: Son variadas las queser\u00edas pr\u00f3ximas a nuestro proyecto con las que colaboramos para ofreceros un gran...","robots":{"index":"index","follow":"follow","max-snippet":"max-snippet:-1","max-image-preview":"max-image-preview:large","max-video-preview":"max-video-preview:-1"},"canonical":"https:\/\/carabunhas.com\/es\/cinco-quesos-gallegos-que-tienes-que-probar-este-ano\/","og_locale":"es_ES","og_type":"article","og_title":"Cinco quesos gallegos que tienes que probar este a\u00f1o. - Carabu\u00f1as","og_description":"Los quesos de la despensa Carabu\u00f1as: Son variadas las queser\u00edas pr\u00f3ximas a nuestro proyecto con las que colaboramos para ofreceros un gran...","og_url":"https:\/\/carabunhas.com\/es\/cinco-quesos-gallegos-que-tienes-que-probar-este-ano\/","og_site_name":"Carabu\u00f1as","article_published_time":"2022-11-21T18:21:43+00:00","article_modified_time":"2023-10-05T16:22:32+00:00","og_image":[{"width":1599,"height":1186,"url":"https:\/\/carabunhas.com\/wp-content\/uploads\/2021\/03\/WhatsApp-Image-2021-03-18-at-12.26.07-3.jpeg","type":"image\/jpeg"}],"twitter_card":"summary_large_image","twitter_misc":{"Escrito por":"infocarabunhas","Tiempo de lectura":"7 minutos"},"schema":{"@context":"https:\/\/schema.org","@graph":[{"@type":"WebSite","@id":"https:\/\/carabunhas.com\/#website","url":"https:\/\/carabunhas.com\/","name":"Carabu\u00f1as","description":"","potentialAction":[{"@type":"SearchAction","target":{"@type":"EntryPoint","urlTemplate":"https:\/\/carabunhas.com\/?s={search_term_string}"},"query-input":"required name=search_term_string"}],"inLanguage":"es"},{"@type":"ImageObject","inLanguage":"es","@id":"https:\/\/carabunhas.com\/es\/cinco-quesos-gallegos-que-tienes-que-probar-este-ano\/#primaryimage","url":"https:\/\/carabunhas.com\/wp-content\/uploads\/2021\/03\/WhatsApp-Image-2021-03-18-at-12.26.07-3.jpeg","contentUrl":"https:\/\/carabunhas.com\/wp-content\/uploads\/2021\/03\/WhatsApp-Image-2021-03-18-at-12.26.07-3.jpeg","width":1599,"height":1186},{"@type":"WebPage","@id":"https:\/\/carabunhas.com\/es\/cinco-quesos-gallegos-que-tienes-que-probar-este-ano\/#webpage","url":"https:\/\/carabunhas.com\/es\/cinco-quesos-gallegos-que-tienes-que-probar-este-ano\/","name":"Cinco quesos gallegos que tienes que probar este a\u00f1o. - Carabu\u00f1as","isPartOf":{"@id":"https:\/\/carabunhas.com\/#website"},"primaryImageOfPage":{"@id":"https:\/\/carabunhas.com\/es\/cinco-quesos-gallegos-que-tienes-que-probar-este-ano\/#primaryimage"},"datePublished":"2022-11-21T18:21:43+00:00","dateModified":"2023-10-05T16:22:32+00:00","author":{"@id":"https:\/\/carabunhas.com\/#\/schema\/person\/41b0a92a2ddb88a4186b3f3d2dba02a7"},"description":"Los quesos de la despensa Carabu\u00f1as: Son variadas las queser\u00edas pr\u00f3ximas a nuestro proyecto con las que colaboramos para ofreceros un gran...","breadcrumb":{"@id":"https:\/\/carabunhas.com\/es\/cinco-quesos-gallegos-que-tienes-que-probar-este-ano\/#breadcrumb"},"inLanguage":"es","potentialAction":[{"@type":"ReadAction","target":["https:\/\/carabunhas.com\/es\/cinco-quesos-gallegos-que-tienes-que-probar-este-ano\/"]}]},{"@type":"BreadcrumbList","@id":"https:\/\/carabunhas.com\/es\/cinco-quesos-gallegos-que-tienes-que-probar-este-ano\/#breadcrumb","itemListElement":[{"@type":"ListItem","position":1,"name":"Portada","item":"https:\/\/carabunhas.com\/es\/"},{"@type":"ListItem","position":2,"name":"Cinco quesos gallegos que tienes que probar este a\u00f1o."}]},{"@type":"Person","@id":"https:\/\/carabunhas.com\/#\/schema\/person\/41b0a92a2ddb88a4186b3f3d2dba02a7","name":"infocarabunhas","url":"https:\/\/carabunhas.com\/es\/author\/infocarabunhas\/"}]}},"_links":{"self":[{"href":"https:\/\/carabunhas.com\/es\/wp-json\/wp\/v2\/posts\/51349"}],"collection":[{"href":"https:\/\/carabunhas.com\/es\/wp-json\/wp\/v2\/posts"}],"about":[{"href":"https:\/\/carabunhas.com\/es\/wp-json\/wp\/v2\/types\/post"}],"author":[{"embeddable":true,"href":"https:\/\/carabunhas.com\/es\/wp-json\/wp\/v2\/users\/161"}],"replies":[{"embeddable":true,"href":"https:\/\/carabunhas.com\/es\/wp-json\/wp\/v2\/comments?post=51349"}],"version-history":[{"count":9,"href":"https:\/\/carabunhas.com\/es\/wp-json\/wp\/v2\/posts\/51349\/revisions"}],"predecessor-version":[{"id":53511,"href":"https:\/\/carabunhas.com\/es\/wp-json\/wp\/v2\/posts\/51349\/revisions\/53511"}],"wp:featuredmedia":[{"embeddable":true,"href":"https:\/\/carabunhas.com\/es\/wp-json\/wp\/v2\/media\/51329"}],"wp:attachment":[{"href":"https:\/\/carabunhas.com\/es\/wp-json\/wp\/v2\/media?parent=51349"}],"wp:term":[{"taxonomy":"category","embeddable":true,"href":"https:\/\/carabunhas.com\/es\/wp-json\/wp\/v2\/categories?post=51349"},{"taxonomy":"post_tag","embeddable":true,"href":"https:\/\/carabunhas.com\/es\/wp-json\/wp\/v2\/tags?post=51349"}],"curies":[{"name":"wp","href":"https:\/\/api.w.org\/{rel}","templated":true}]}}