{"id":51030,"date":"2021-02-16T22:20:29","date_gmt":"2021-02-16T21:20:29","guid":{"rendered":"https:\/\/carabunhas.com\/?p=51030"},"modified":"2021-03-23T19:22:54","modified_gmt":"2021-03-23T18:22:54","slug":"culto-al-entroido-en-carabunas","status":"publish","type":"post","link":"https:\/\/carabunhas.com\/es\/culto-al-entroido-en-carabunas\/","title":{"rendered":"Culto al Entroido en Carabu\u00f1as"},"content":{"rendered":"\n<figure class=\"wp-block-image size-large\"><img loading=\"lazy\" width=\"1024\" height=\"390\" src=\"https:\/\/carabunhas.com\/wp-content\/uploads\/2021\/02\/Carabunas-Entroido-Artworks_entroido-2021-cab-1024x390.jpg\" alt=\"\" class=\"wp-image-51035\" srcset=\"https:\/\/carabunhas.com\/wp-content\/uploads\/2021\/02\/Carabunas-Entroido-Artworks_entroido-2021-cab-1024x390.jpg 1024w, https:\/\/carabunhas.com\/wp-content\/uploads\/2021\/02\/Carabunas-Entroido-Artworks_entroido-2021-cab-300x114.jpg 300w, https:\/\/carabunhas.com\/wp-content\/uploads\/2021\/02\/Carabunas-Entroido-Artworks_entroido-2021-cab-768x292.jpg 768w, https:\/\/carabunhas.com\/wp-content\/uploads\/2021\/02\/Carabunas-Entroido-Artworks_entroido-2021-cab-1536x585.jpg 1536w, https:\/\/carabunhas.com\/wp-content\/uploads\/2021\/02\/Carabunas-Entroido-Artworks_entroido-2021-cab-2048x780.jpg 2048w, https:\/\/carabunhas.com\/wp-content\/uploads\/2021\/02\/Carabunas-Entroido-Artworks_entroido-2021-cab-1200x457.jpg 1200w, https:\/\/carabunhas.com\/wp-content\/uploads\/2021\/02\/Carabunas-Entroido-Artworks_entroido-2021-cab-1980x754.jpg 1980w, https:\/\/carabunhas.com\/wp-content\/uploads\/2021\/02\/Carabunas-Entroido-Artworks_entroido-2021-cab-450x171.jpg 450w, https:\/\/carabunhas.com\/wp-content\/uploads\/2021\/02\/Carabunas-Entroido-Artworks_entroido-2021-cab-600x228.jpg 600w\" sizes=\"(max-width: 1024px) 100vw, 1024px\" \/><\/figure>\n\n\n\n<p>El <strong>carnaval<\/strong> es una de las <strong>fiestas m\u00e1s antiguas<\/strong> que se celebra en toda <strong>Europa.<\/strong> Una combinaci\u00f3n de elementos de origen pagano, romano, medieval y cristiano, que pretende celebrar la llegada de la primavera y la reactivaci\u00f3n de las tareas del campo.<\/p>\n\n\n\n<p>En Galicia le llamamos de muchas maneras:<strong> Entroido, Antroido, Intruido, Entruido, Entrudo, Entroiro\u2026 <\/strong>Todos tienen su origen en la palabra latina <strong>\u201cintroitus\u201d, que significa entrada<\/strong> y que se\u00f1ala la entrada de una nueva estaci\u00f3n, la primavera; el Entroido es una <strong>\u00e9poca de fiesta, subversi\u00f3n y mucha diversi\u00f3n en la que lo m\u00e1s importante es disfrazarse, llenar la panza y pasarlo bien.<\/strong><\/p>\n\n\n\n<p>Sin dejarnos llevar por la nostalgia y evocando a todos los Entroidos que est\u00e1n por venir, hicimos este <strong>lote de culto a nuestra gastronom\u00eda de temporada<\/strong>, para que todas las familias pudi\u00e9semos sumergirnos en el esp\u00edrito entroideiro sin salir de casa, \u00fanico espacio accesible para la fiesta y la alegr\u00eda, este a\u00f1o.<\/p>\n\n\n\n<h3>Entroido para todas nuestras gentes<\/h3>\n\n\n\n<figure class=\"wp-block-image size-large\"><img loading=\"lazy\" width=\"916\" height=\"768\" src=\"https:\/\/carabunhas.com\/wp-content\/uploads\/2021\/02\/Amarillo-Azul-Marino-Festivo-Confeti-21-Cumpleanos-Publicacion-de-Facebook-1.jpg\" alt=\"\" class=\"wp-image-51042\" srcset=\"https:\/\/carabunhas.com\/wp-content\/uploads\/2021\/02\/Amarillo-Azul-Marino-Festivo-Confeti-21-Cumpleanos-Publicacion-de-Facebook-1.jpg 916w, https:\/\/carabunhas.com\/wp-content\/uploads\/2021\/02\/Amarillo-Azul-Marino-Festivo-Confeti-21-Cumpleanos-Publicacion-de-Facebook-1-300x252.jpg 300w, https:\/\/carabunhas.com\/wp-content\/uploads\/2021\/02\/Amarillo-Azul-Marino-Festivo-Confeti-21-Cumpleanos-Publicacion-de-Facebook-1-768x644.jpg 768w, https:\/\/carabunhas.com\/wp-content\/uploads\/2021\/02\/Amarillo-Azul-Marino-Festivo-Confeti-21-Cumpleanos-Publicacion-de-Facebook-1-450x377.jpg 450w, https:\/\/carabunhas.com\/wp-content\/uploads\/2021\/02\/Amarillo-Azul-Marino-Festivo-Confeti-21-Cumpleanos-Publicacion-de-Facebook-1-600x503.jpg 600w\" sizes=\"(max-width: 916px) 100vw, 916px\" \/><\/figure>\n\n\n\n<p>Son muchos los puntos del territorio en los que estas fechas son especiales. Ver\u00edn, Laza, Xinzo, Maceda, Viana, Cobres, Chantada, A Coru\u00f1a, Pontevedra y un centenar m\u00e1s de pueblos y aldeas de Galicia ser\u00edan en estos momentos un hervidero. En muchos de estos lugares, este a\u00f1o ser\u00e1 el primero de la historia en el que no se festejar\u00e1 el Entroido, o por lo menos, no se har\u00e1 de forma multitudinaria. Es por ello que decidimos traeros unas pinceladas de nuestra tradici\u00f3n.<\/p>\n\n\n\n<p>Para todas nuestras gentes, inclu\u00eddas las que est\u00e1n fuera, desde Carabu\u00f1as invocamos a <strong>cigarr\u00f3ns, pantallas y peliqueiros<\/strong> para gozar del carnaval en nuestras casas. As\u00ed, dise\u00f1amos <strong>tres tarjetas<\/strong> con estos tres personajes del entroido ourensano para que recibas en tu casa o env\u00edes a esa persona que eche de menos estar de celebraci\u00f3n en estas fechas.<\/p>\n\n\n\n<h4>Peliqueiros &#8211; Laza<\/h4>\n\n\n\n<div class=\"wp-block-media-text alignwide is-stacked-on-mobile\" style=\"grid-template-columns:48% auto\"><figure class=\"wp-block-media-text__media\"><img loading=\"lazy\" width=\"1024\" height=\"727\" src=\"https:\/\/carabunhas.com\/wp-content\/uploads\/2021\/02\/2-1024x727.jpg\" alt=\"\" class=\"wp-image-51064 size-full\" srcset=\"https:\/\/carabunhas.com\/wp-content\/uploads\/2021\/02\/2-1024x727.jpg 1024w, https:\/\/carabunhas.com\/wp-content\/uploads\/2021\/02\/2-300x213.jpg 300w, https:\/\/carabunhas.com\/wp-content\/uploads\/2021\/02\/2-768x545.jpg 768w, https:\/\/carabunhas.com\/wp-content\/uploads\/2021\/02\/2-1536x1090.jpg 1536w, https:\/\/carabunhas.com\/wp-content\/uploads\/2021\/02\/2-1200x852.jpg 1200w, https:\/\/carabunhas.com\/wp-content\/uploads\/2021\/02\/2-450x319.jpg 450w, https:\/\/carabunhas.com\/wp-content\/uploads\/2021\/02\/2-600x426.jpg 600w, https:\/\/carabunhas.com\/wp-content\/uploads\/2021\/02\/2.jpg 1747w\" sizes=\"(max-width: 1024px) 100vw, 1024px\" \/><\/figure><div class=\"wp-block-media-text__content\">\n<p>En <strong>Laza<\/strong> la fiesta empieza muy pronto con el llamado Viernes de Foli\u00f3n. Los <strong>foli\u00f3ns<\/strong> son comparsas que, para espantar los malos esp\u00edritus, recorren las calles durante la noche tocando diversos objetos. El<strong> Domingo de Entroido<\/strong> los foli\u00f3ns ceden el protagonismo a los <strong>peliqueiros, los personajes \u201canimalizados\u201d <\/strong>t\u00edpicos del carnaval de Laza, que no hablan y que se re\u00fanen en un acto llamado &#8220;A estrea do peliqueiro&#8221; e invitan a bica.<\/p>\n\n\n\n<p>Junto al domingo, el otro d\u00eda grande en Laza es el<strong> Luns de Entroido<\/strong>, en el que se celebran diferentes ritos como A <strong>Farrapada<\/strong>, batalla campal donde se usan trapos impregnados en barro; la <strong>Xitanada dos burros<\/strong>, una divertida procesi\u00f3n eburro, o la bajada de la <strong>Morena<\/strong>, una especie de s\u00e1tiro con cabeza de vaca que persigue a las mujeres mientras su comitiva lanza sobre la multitud una <strong>lluvia de harina y hormigas vivas. <\/strong>Una costumbre ancestral en la que participa todo el mundo. <strong>Tampoco faltan la cachucha, bica branca, xastr\u00e9 o licor caf\u00e9.<\/strong><\/p>\n<\/div><\/div>\n\n\n\n<h4>Pantallas &#8211; Xinzo de Limia<\/h4>\n\n\n\n<div class=\"wp-block-media-text alignwide is-stacked-on-mobile\" style=\"grid-template-columns:51% auto\"><figure class=\"wp-block-media-text__media\"><img loading=\"lazy\" width=\"1024\" height=\"727\" src=\"https:\/\/carabunhas.com\/wp-content\/uploads\/2021\/02\/1-1024x727.jpg\" alt=\"\" class=\"wp-image-51062 size-full\" srcset=\"https:\/\/carabunhas.com\/wp-content\/uploads\/2021\/02\/1-1024x727.jpg 1024w, https:\/\/carabunhas.com\/wp-content\/uploads\/2021\/02\/1-300x213.jpg 300w, https:\/\/carabunhas.com\/wp-content\/uploads\/2021\/02\/1-768x545.jpg 768w, https:\/\/carabunhas.com\/wp-content\/uploads\/2021\/02\/1-1536x1090.jpg 1536w, https:\/\/carabunhas.com\/wp-content\/uploads\/2021\/02\/1-1200x852.jpg 1200w, https:\/\/carabunhas.com\/wp-content\/uploads\/2021\/02\/1-450x319.jpg 450w, https:\/\/carabunhas.com\/wp-content\/uploads\/2021\/02\/1-600x426.jpg 600w, https:\/\/carabunhas.com\/wp-content\/uploads\/2021\/02\/1.jpg 1747w\" sizes=\"(max-width: 1024px) 100vw, 1024px\" \/><\/figure><div class=\"wp-block-media-text__content\">\n<p>Es el carnaval <strong>m\u00e1s largo<\/strong> de todo el estado &#8211; y probablemente del mundo -, ya que<strong> dura cinco fines de semana seguidos: Empieza el Domingo Fareleiro y acaba el Domingo de Pi\u00f1ata<\/strong>. El d\u00eda grande es el Martes de Entroido, con el desfile de carrozas m\u00e1s concurrido de Galicia y una gran fiesta en la calle donde<strong> nadie puede ir sin disfrazarse.<\/strong><br>De eso se encargan las <strong>pantallas<\/strong>, que asustan y hacen pagar una ronda a quien encuentren sin su disfraz. La m\u00e1scara de la Pantalla tiene cara de demonio, con cuernos y la parte de arriba est\u00e1 adornada con m otivos astrales o animales tot\u00e9micos. Alrededor lleva unos flecos que hacen de barba. Llevan en la cintura una faja roja junto con sus campanas, y por supuesto, dos vejigas de vaca secas e infladas en las manos que golpean entre s\u00ed.<\/p>\n<\/div><\/div>\n\n\n\n<h4>Cigarr\u00f3ns &#8211; Ver\u00edn<\/h4>\n\n\n\n<div class=\"wp-block-media-text alignwide is-stacked-on-mobile\" style=\"grid-template-columns:51% auto\"><figure class=\"wp-block-media-text__media\"><img loading=\"lazy\" width=\"1024\" height=\"727\" src=\"https:\/\/carabunhas.com\/wp-content\/uploads\/2021\/02\/3-1024x727.jpg\" alt=\"\" class=\"wp-image-51066 size-full\" srcset=\"https:\/\/carabunhas.com\/wp-content\/uploads\/2021\/02\/3-1024x727.jpg 1024w, https:\/\/carabunhas.com\/wp-content\/uploads\/2021\/02\/3-300x213.jpg 300w, https:\/\/carabunhas.com\/wp-content\/uploads\/2021\/02\/3-768x545.jpg 768w, https:\/\/carabunhas.com\/wp-content\/uploads\/2021\/02\/3-1536x1090.jpg 1536w, https:\/\/carabunhas.com\/wp-content\/uploads\/2021\/02\/3-1200x852.jpg 1200w, https:\/\/carabunhas.com\/wp-content\/uploads\/2021\/02\/3-450x319.jpg 450w, https:\/\/carabunhas.com\/wp-content\/uploads\/2021\/02\/3-600x426.jpg 600w, https:\/\/carabunhas.com\/wp-content\/uploads\/2021\/02\/3.jpg 1747w\" sizes=\"(max-width: 1024px) 100vw, 1024px\" \/><\/figure><div class=\"wp-block-media-text__content\">\n<p>En esta localidad, el protagonista es un personaje enmascarado del siglo XVI, <strong>cigarr\u00f3n, que viste un traje de 25kg con muchos adornos.<\/strong> La m\u00e1scara se hace a partir de madera de abedul y la parte superior termina en una hoja de lata adornada con motivos animales o vejetales. En la cintura llevan <strong>un cintur\u00f3n con cencerros<\/strong> y en la mano una <strong>\u201czamarra\u201d con la que fustigan a quienes no se comporten durante la fiesta.<\/strong><\/p>\n\n\n\n<p>Los d\u00edas m\u00e1s se\u00f1alados son el <strong>Xoves de Compadres, <\/strong>en el que los hombres toman las calles, el<strong> Domingo Corredoiro, <\/strong>en el que aparecen los cigarr\u00f3ns a la sa\u00edda da misa, e<strong>l Xoves de Comadres<\/strong>, d\u00eda en el que las mujeres retoman los espacios. Tambi\u00e9n son grandes d\u00edas el <strong>Domingo de Entroido, Luns Fareleiro o Martes de Entroido, con el gran desfile.<\/strong><\/p>\n<\/div><\/div>\n\n\n\n<h3>Lotes de entroido<\/h3>\n\n\n\n<p>Carabu\u00f1as os hace dos propuestas de regalo, que pod\u00e9is pedir en nuestra tienda online www.carabunhas.com\/tienda , y que enviaremos a quien tu quieras, con el mensaje carnavalesco que te salga del coraz\u00f3n.<\/p>\n\n\n\n<figure class=\"wp-block-gallery columns-2 is-cropped\"><ul class=\"blocks-gallery-grid\"><li class=\"blocks-gallery-item\"><figure><img loading=\"lazy\" width=\"450\" height=\"300\" src=\"https:\/\/carabunhas.com\/wp-content\/uploads\/2021\/02\/lote-culto-Entroido-450x300-1.jpg\" alt=\"\" data-id=\"51068\" data-full-url=\"https:\/\/carabunhas.com\/wp-content\/uploads\/2021\/02\/lote-culto-Entroido-450x300-1.jpg\" data-link=\"https:\/\/carabunhas.com\/es\/?attachment_id=51068\" class=\"wp-image-51068\" srcset=\"https:\/\/carabunhas.com\/wp-content\/uploads\/2021\/02\/lote-culto-Entroido-450x300-1.jpg 450w, https:\/\/carabunhas.com\/wp-content\/uploads\/2021\/02\/lote-culto-Entroido-450x300-1-300x200.jpg 300w\" sizes=\"(max-width: 450px) 100vw, 450px\" \/><\/figure><\/li><li class=\"blocks-gallery-item\"><figure><img loading=\"lazy\" width=\"1024\" height=\"683\" src=\"https:\/\/carabunhas.com\/wp-content\/uploads\/2021\/02\/Lote-non-pare-a-festa-1024x683-1.jpg\" alt=\"\" data-id=\"51070\" data-full-url=\"https:\/\/carabunhas.com\/wp-content\/uploads\/2021\/02\/Lote-non-pare-a-festa-1024x683-1.jpg\" data-link=\"https:\/\/carabunhas.com\/es\/?attachment_id=51070\" class=\"wp-image-51070\" srcset=\"https:\/\/carabunhas.com\/wp-content\/uploads\/2021\/02\/Lote-non-pare-a-festa-1024x683-1.jpg 1024w, https:\/\/carabunhas.com\/wp-content\/uploads\/2021\/02\/Lote-non-pare-a-festa-1024x683-1-300x200.jpg 300w, https:\/\/carabunhas.com\/wp-content\/uploads\/2021\/02\/Lote-non-pare-a-festa-1024x683-1-768x512.jpg 768w, https:\/\/carabunhas.com\/wp-content\/uploads\/2021\/02\/Lote-non-pare-a-festa-1024x683-1-450x300.jpg 450w, https:\/\/carabunhas.com\/wp-content\/uploads\/2021\/02\/Lote-non-pare-a-festa-1024x683-1-600x400.jpg 600w\" sizes=\"(max-width: 1024px) 100vw, 1024px\" \/><\/figure><\/li><\/ul><\/figure>\n\n\n\n<p>El lote &#8220;Culto ao Entroido&#8221;, incluye:<\/p>\n\n\n\n<ul><li><strong>Tarjeta de culto al Entroido:  <\/strong>Hay cosas que no se pueden disfrazar, y el amor por nuestras tradiciones es una de ellas. Dise\u00f1amos tres tarjetas ilustradas invocando a tres personajes muy venerados en estas fechas de los que somos firmes creyentes: Cigarr\u00f3ns, Pantallas e Peliqueiros. Selecciona tu favorita y la a\u00f1adiremos en tu caja de culto al Entroido.<\/li><li><strong>Bica de manzana con canela Faragullas:<\/strong> La bica es uno de los postres tradicionales del Entroido. Esta bica de manzana y canela est\u00e1 elaborada en Vilar de Santos, en el horno tradicional de Faragullas.<\/li><li><strong>Licor de Sabugueiro Carabu\u00f1as:<\/strong> En un lote de culto al Entroido, no puede faltar un brindis con nuestro licor elaborado macerando las bayas de sa\u00faco en aguardiente gallego de alta calidad.<\/li><li><strong>Salchich\u00f3n de porco celta Tres Fuci\u00f1os:<\/strong> Un salchich\u00f3n gourmet de cerdo de raza aut\u00f3ctona gallega &#8220;porco celta&#8221;. En la Cooperativa Tres Fuci\u00f1os cr\u00edan a sus animales en semiextensivo, en los montes gallegos y con una alimentaci\u00f3n que aprovecha los recursos de la zona como la bellota, la casta\u00f1a o la remolacha.<\/li><li><strong>Chorizo cular de porco celta Tres Fuci\u00f1os:<\/strong> Un chorizo elaborado con carne de porco celta criado en libertad en los bosques de casta\u00f1as y de robles de Galicia. Su sabor es el resultado de la mejor tradici\u00f3n, elaborado con carne de una calidad excelente.<\/li><li><strong>Queso Feijoo Semicurado Ib\u00e9rico:<\/strong> Un queso que consigui\u00f3 por segundo a\u00f1o consecutivo la medalla de bronce en los World Cheese Awards. En la queser\u00eda Feijoo de Celanova elaboran un semicurado con mezcla de tres leches (vaca, oveja y cabra) curado durante un m\u00ednimo de 120 d\u00edas. <\/li><li><strong>Mermelada de sa\u00faco Carabu\u00f1as:<\/strong> Nada mejor para poner el contrapunto dulce al queso semicurado que nuestra mermelada de sa\u00faco. Con certificaci\u00f3n ecol\u00f3gica, elaborada de forma artesanal y con un 70% de fruta.<\/li><\/ul>\n\n\n\n<p>Tambi\u00e9n podr\u00e1s sumarle colores, personajes y lugares que hacen viajar por todo el panorama carnavalesco sin salir de casa, a trav\u00e9s del lote Culto ao Entroido + Libro &#8220;Que non pare a festa&#8221;:<\/p>\n\n\n\n<ul><li><strong>Libro &#8220;Non pare a festa&#8221;, Edici\u00f3ns Xerais:  <\/strong>Este libro de Ram\u00f3n D.Veiga es la continuaci\u00f3n de &#8220;\u00c9 tempo de Entroido!&#8221;. Recomendado para todos los p\u00fablicos, las ilustraciones de David Sierra nos har\u00e1n disfrutar de las tradiciones del Entroido de Ri\u00f3s, Bobor\u00e1s, Viana, Celanova, Esgos, A Veiga o Bux\u00e1n.<\/li><\/ul>\n\n\n\n<p>En resumen, unos lotes preparados con esp\u00edritu de Entroido, porque <strong>sin Entroido no quedamos. <\/strong><\/p>\n\n\n\n<p><br><br><br><\/p>\n","protected":false},"excerpt":{"rendered":"<p>El carnaval es una de las fiestas m\u00e1s antiguas que se celebra en toda Europa. Una combinaci\u00f3n de elementos de origen pagano, romano, medieval y cristiano, que pretende celebrar la llegada de la primavera y la reactivaci\u00f3n de las tareas del campo. En Galicia le llamamos de muchas maneras: Entroido, Antroido, Intruido, Entruido, Entrudo, Entroiro\u2026 [&hellip;]<\/p>\n","protected":false},"author":161,"featured_media":51052,"comment_status":"closed","ping_status":"closed","sticky":false,"template":"","format":"standard","meta":[],"categories":[14681],"tags":[],"acf":[],"yoast_head":"<!-- This site is optimized with the Yoast SEO plugin v18.9-RC1 - https:\/\/yoast.com\/wordpress\/plugins\/seo\/ -->\n<title>Culto al Entroido en Carabu\u00f1as - Carabu\u00f1as<\/title>\n<meta name=\"description\" content=\"Sin dejarnos llevar por la nostalgia y evocando a todos los Entroidos que est\u00e1n por venir, hicimos este lote de culto a nuestra gastronom\u00eda de temporada\" \/>\n<meta name=\"robots\" content=\"index, follow, max-snippet:-1, max-image-preview:large, max-video-preview:-1\" \/>\n<link rel=\"canonical\" href=\"https:\/\/carabunhas.com\/es\/culto-al-entroido-en-carabunas\/\" \/>\n<meta property=\"og:locale\" content=\"es_ES\" \/>\n<meta property=\"og:type\" content=\"article\" \/>\n<meta property=\"og:title\" content=\"Culto al Entroido en Carabu\u00f1as - Carabu\u00f1as\" \/>\n<meta property=\"og:description\" content=\"Sin dejarnos llevar por la nostalgia y evocando a todos los Entroidos que est\u00e1n por venir, hicimos este lote de culto a nuestra gastronom\u00eda de temporada\" \/>\n<meta property=\"og:url\" content=\"https:\/\/carabunhas.com\/es\/culto-al-entroido-en-carabunas\/\" \/>\n<meta property=\"og:site_name\" content=\"Carabu\u00f1as\" \/>\n<meta property=\"article:published_time\" content=\"2021-02-16T21:20:29+00:00\" \/>\n<meta property=\"article:modified_time\" content=\"2021-03-23T18:22:54+00:00\" \/>\n<meta property=\"og:image\" content=\"https:\/\/carabunhas.com\/wp-content\/uploads\/2021\/02\/Carabunas-Entroido-Artworks_Verin-Cigarron.jpg\" \/>\n\t<meta property=\"og:image:width\" content=\"639\" \/>\n\t<meta property=\"og:image:height\" content=\"1017\" \/>\n\t<meta property=\"og:image:type\" content=\"image\/jpeg\" \/>\n<meta name=\"twitter:card\" content=\"summary_large_image\" \/>\n<meta name=\"twitter:label1\" content=\"Escrito por\" \/>\n\t<meta name=\"twitter:data1\" content=\"infocarabunhas\" \/>\n\t<meta name=\"twitter:label2\" content=\"Tiempo de lectura\" \/>\n\t<meta name=\"twitter:data2\" content=\"6 minutos\" \/>\n<script type=\"application\/ld+json\" class=\"yoast-schema-graph\">{\"@context\":\"https:\/\/schema.org\",\"@graph\":[{\"@type\":\"WebSite\",\"@id\":\"https:\/\/carabunhas.com\/#website\",\"url\":\"https:\/\/carabunhas.com\/\",\"name\":\"Carabu\u00f1as\",\"description\":\"\",\"potentialAction\":[{\"@type\":\"SearchAction\",\"target\":{\"@type\":\"EntryPoint\",\"urlTemplate\":\"https:\/\/carabunhas.com\/?s={search_term_string}\"},\"query-input\":\"required name=search_term_string\"}],\"inLanguage\":\"es\"},{\"@type\":\"ImageObject\",\"inLanguage\":\"es\",\"@id\":\"https:\/\/carabunhas.com\/es\/culto-al-entroido-en-carabunas\/#primaryimage\",\"url\":\"https:\/\/carabunhas.com\/wp-content\/uploads\/2021\/02\/Carabunas-Entroido-Artworks_Verin-Cigarron.jpg\",\"contentUrl\":\"https:\/\/carabunhas.com\/wp-content\/uploads\/2021\/02\/Carabunas-Entroido-Artworks_Verin-Cigarron.jpg\",\"width\":639,\"height\":1017},{\"@type\":\"WebPage\",\"@id\":\"https:\/\/carabunhas.com\/es\/culto-al-entroido-en-carabunas\/#webpage\",\"url\":\"https:\/\/carabunhas.com\/es\/culto-al-entroido-en-carabunas\/\",\"name\":\"Culto al Entroido en Carabu\u00f1as - Carabu\u00f1as\",\"isPartOf\":{\"@id\":\"https:\/\/carabunhas.com\/#website\"},\"primaryImageOfPage\":{\"@id\":\"https:\/\/carabunhas.com\/es\/culto-al-entroido-en-carabunas\/#primaryimage\"},\"datePublished\":\"2021-02-16T21:20:29+00:00\",\"dateModified\":\"2021-03-23T18:22:54+00:00\",\"author\":{\"@id\":\"https:\/\/carabunhas.com\/#\/schema\/person\/41b0a92a2ddb88a4186b3f3d2dba02a7\"},\"description\":\"Sin dejarnos llevar por la nostalgia y evocando a todos los Entroidos que est\u00e1n por venir, hicimos este lote de culto a nuestra gastronom\u00eda de temporada\",\"breadcrumb\":{\"@id\":\"https:\/\/carabunhas.com\/es\/culto-al-entroido-en-carabunas\/#breadcrumb\"},\"inLanguage\":\"es\",\"potentialAction\":[{\"@type\":\"ReadAction\",\"target\":[\"https:\/\/carabunhas.com\/es\/culto-al-entroido-en-carabunas\/\"]}]},{\"@type\":\"BreadcrumbList\",\"@id\":\"https:\/\/carabunhas.com\/es\/culto-al-entroido-en-carabunas\/#breadcrumb\",\"itemListElement\":[{\"@type\":\"ListItem\",\"position\":1,\"name\":\"Portada\",\"item\":\"https:\/\/carabunhas.com\/es\/\"},{\"@type\":\"ListItem\",\"position\":2,\"name\":\"Culto al Entroido en Carabu\u00f1as\"}]},{\"@type\":\"Person\",\"@id\":\"https:\/\/carabunhas.com\/#\/schema\/person\/41b0a92a2ddb88a4186b3f3d2dba02a7\",\"name\":\"infocarabunhas\",\"url\":\"https:\/\/carabunhas.com\/es\/author\/infocarabunhas\/\"}]}<\/script>\n<!-- \/ Yoast SEO plugin. -->","yoast_head_json":{"title":"Culto al Entroido en Carabu\u00f1as - Carabu\u00f1as","description":"Sin dejarnos llevar por la nostalgia y evocando a todos los Entroidos que est\u00e1n por venir, hicimos este lote de culto a nuestra gastronom\u00eda de temporada","robots":{"index":"index","follow":"follow","max-snippet":"max-snippet:-1","max-image-preview":"max-image-preview:large","max-video-preview":"max-video-preview:-1"},"canonical":"https:\/\/carabunhas.com\/es\/culto-al-entroido-en-carabunas\/","og_locale":"es_ES","og_type":"article","og_title":"Culto al Entroido en Carabu\u00f1as - Carabu\u00f1as","og_description":"Sin dejarnos llevar por la nostalgia y evocando a todos los Entroidos que est\u00e1n por venir, hicimos este lote de culto a nuestra gastronom\u00eda de temporada","og_url":"https:\/\/carabunhas.com\/es\/culto-al-entroido-en-carabunas\/","og_site_name":"Carabu\u00f1as","article_published_time":"2021-02-16T21:20:29+00:00","article_modified_time":"2021-03-23T18:22:54+00:00","og_image":[{"width":639,"height":1017,"url":"https:\/\/carabunhas.com\/wp-content\/uploads\/2021\/02\/Carabunas-Entroido-Artworks_Verin-Cigarron.jpg","type":"image\/jpeg"}],"twitter_card":"summary_large_image","twitter_misc":{"Escrito por":"infocarabunhas","Tiempo de lectura":"6 minutos"},"schema":{"@context":"https:\/\/schema.org","@graph":[{"@type":"WebSite","@id":"https:\/\/carabunhas.com\/#website","url":"https:\/\/carabunhas.com\/","name":"Carabu\u00f1as","description":"","potentialAction":[{"@type":"SearchAction","target":{"@type":"EntryPoint","urlTemplate":"https:\/\/carabunhas.com\/?s={search_term_string}"},"query-input":"required name=search_term_string"}],"inLanguage":"es"},{"@type":"ImageObject","inLanguage":"es","@id":"https:\/\/carabunhas.com\/es\/culto-al-entroido-en-carabunas\/#primaryimage","url":"https:\/\/carabunhas.com\/wp-content\/uploads\/2021\/02\/Carabunas-Entroido-Artworks_Verin-Cigarron.jpg","contentUrl":"https:\/\/carabunhas.com\/wp-content\/uploads\/2021\/02\/Carabunas-Entroido-Artworks_Verin-Cigarron.jpg","width":639,"height":1017},{"@type":"WebPage","@id":"https:\/\/carabunhas.com\/es\/culto-al-entroido-en-carabunas\/#webpage","url":"https:\/\/carabunhas.com\/es\/culto-al-entroido-en-carabunas\/","name":"Culto al Entroido en Carabu\u00f1as - Carabu\u00f1as","isPartOf":{"@id":"https:\/\/carabunhas.com\/#website"},"primaryImageOfPage":{"@id":"https:\/\/carabunhas.com\/es\/culto-al-entroido-en-carabunas\/#primaryimage"},"datePublished":"2021-02-16T21:20:29+00:00","dateModified":"2021-03-23T18:22:54+00:00","author":{"@id":"https:\/\/carabunhas.com\/#\/schema\/person\/41b0a92a2ddb88a4186b3f3d2dba02a7"},"description":"Sin dejarnos llevar por la nostalgia y evocando a todos los Entroidos que est\u00e1n por venir, hicimos este lote de culto a nuestra gastronom\u00eda de temporada","breadcrumb":{"@id":"https:\/\/carabunhas.com\/es\/culto-al-entroido-en-carabunas\/#breadcrumb"},"inLanguage":"es","potentialAction":[{"@type":"ReadAction","target":["https:\/\/carabunhas.com\/es\/culto-al-entroido-en-carabunas\/"]}]},{"@type":"BreadcrumbList","@id":"https:\/\/carabunhas.com\/es\/culto-al-entroido-en-carabunas\/#breadcrumb","itemListElement":[{"@type":"ListItem","position":1,"name":"Portada","item":"https:\/\/carabunhas.com\/es\/"},{"@type":"ListItem","position":2,"name":"Culto al Entroido en Carabu\u00f1as"}]},{"@type":"Person","@id":"https:\/\/carabunhas.com\/#\/schema\/person\/41b0a92a2ddb88a4186b3f3d2dba02a7","name":"infocarabunhas","url":"https:\/\/carabunhas.com\/es\/author\/infocarabunhas\/"}]}},"_links":{"self":[{"href":"https:\/\/carabunhas.com\/es\/wp-json\/wp\/v2\/posts\/51030"}],"collection":[{"href":"https:\/\/carabunhas.com\/es\/wp-json\/wp\/v2\/posts"}],"about":[{"href":"https:\/\/carabunhas.com\/es\/wp-json\/wp\/v2\/types\/post"}],"author":[{"embeddable":true,"href":"https:\/\/carabunhas.com\/es\/wp-json\/wp\/v2\/users\/161"}],"replies":[{"embeddable":true,"href":"https:\/\/carabunhas.com\/es\/wp-json\/wp\/v2\/comments?post=51030"}],"version-history":[{"count":16,"href":"https:\/\/carabunhas.com\/es\/wp-json\/wp\/v2\/posts\/51030\/revisions"}],"predecessor-version":[{"id":51081,"href":"https:\/\/carabunhas.com\/es\/wp-json\/wp\/v2\/posts\/51030\/revisions\/51081"}],"wp:featuredmedia":[{"embeddable":true,"href":"https:\/\/carabunhas.com\/es\/wp-json\/wp\/v2\/media\/51052"}],"wp:attachment":[{"href":"https:\/\/carabunhas.com\/es\/wp-json\/wp\/v2\/media?parent=51030"}],"wp:term":[{"taxonomy":"category","embeddable":true,"href":"https:\/\/carabunhas.com\/es\/wp-json\/wp\/v2\/categories?post=51030"},{"taxonomy":"post_tag","embeddable":true,"href":"https:\/\/carabunhas.com\/es\/wp-json\/wp\/v2\/tags?post=51030"}],"curies":[{"name":"wp","href":"https:\/\/api.w.org\/{rel}","templated":true}]}}