{"id":50509,"date":"2020-12-04T08:34:14","date_gmt":"2020-12-04T07:34:14","guid":{"rendered":"https:\/\/carabunhas.com\/?p=50509"},"modified":"2023-09-28T00:03:18","modified_gmt":"2023-09-27T22:03:18","slug":"la-primera-plantacion-sauco-ecologico-en-galicia","status":"publish","type":"post","link":"https:\/\/carabunhas.com\/es\/la-primera-plantacion-sauco-ecologico-en-galicia\/","title":{"rendered":"La primera plantaci\u00f3n de sa\u00faco ecol\u00f3gico en Galicia."},"content":{"rendered":"\n<p><\/p>\n\n\n\n<figure class=\"wp-block-image size-large\"><img loading=\"lazy\" width=\"1024\" height=\"692\" src=\"https:\/\/carabunhas.com\/wp-content\/uploads\/2020\/12\/plantacion-sabugueiro1-1024x692.jpg\" alt=\"Plantacion de arboles de sauco, sambucus nigra.\" class=\"wp-image-50513\" srcset=\"https:\/\/carabunhas.com\/wp-content\/uploads\/2020\/12\/plantacion-sabugueiro1-1024x692.jpg 1024w, https:\/\/carabunhas.com\/wp-content\/uploads\/2020\/12\/plantacion-sabugueiro1-300x203.jpg 300w, https:\/\/carabunhas.com\/wp-content\/uploads\/2020\/12\/plantacion-sabugueiro1-768x519.jpg 768w, https:\/\/carabunhas.com\/wp-content\/uploads\/2020\/12\/plantacion-sabugueiro1-1536x1038.jpg 1536w, https:\/\/carabunhas.com\/wp-content\/uploads\/2020\/12\/plantacion-sabugueiro1-1200x811.jpg 1200w, https:\/\/carabunhas.com\/wp-content\/uploads\/2020\/12\/plantacion-sabugueiro1-1980x1338.jpg 1980w, https:\/\/carabunhas.com\/wp-content\/uploads\/2020\/12\/plantacion-sabugueiro1-450x304.jpg 450w, https:\/\/carabunhas.com\/wp-content\/uploads\/2020\/12\/plantacion-sabugueiro1-600x406.jpg 600w, https:\/\/carabunhas.com\/wp-content\/uploads\/2020\/12\/plantacion-sabugueiro1.jpg 2000w\" sizes=\"(max-width: 1024px) 100vw, 1024px\" \/><\/figure>\n\n\n\n<h1>La primera plantaci\u00f3n de sa\u00faco ecol\u00f3gico en Galicia.<\/h1>\n\n\n\n<p>En el a\u00f1o 2016, despu\u00e9s de las primeras pruebas con sa\u00faco silvestre y de ver la aceptaci\u00f3n que ten\u00edan nuestros productos, tomamos una decisi\u00f3n atrevida. Crear la primera plantaci\u00f3n de sauco ecol\u00f3gico en Galicia. Esta idea surg\u00eda de nuestra manera de entender el rural y  formaba parte del camino que hab\u00edamos dibujado para Carabu\u00f1as.<\/p>\n\n\n\n<p>Situada en Vilar de Santos, en la provincia de Ourense, tiene <strong>7.000 metros cuadrados de extensi\u00f3n y cuenta con 500 plantas de sa\u00faco.<\/strong> Escogemos, por supuesto, la variedad aut\u00f3ctona: <strong>Sambucus Nigra <\/strong>L, Variedad Atl\u00e1ntica (Galicia y Norte de Portugal).<\/p>\n\n\n\n<h2>Una apuesta por la producci\u00f3n ecol\u00f3gica.<\/h2>\n\n\n\n<p>En Carabu\u00f1as, como <a href=\"https:\/\/carabunhas.com\/es\/rural-friday\/\" target=\"_blank\" rel=\"noreferrer noopener\">otros peque\u00f1os proyectos del rural gallego<\/a> llevamos la sostenibilidad m\u00e1s all\u00e1 de las redes sociales. Aprovechar nuestros recursos sin cuidar el medio del que vivimos es sa\u00faco para hoy y hambre para ma\u00f1ana. Para nosotros no tiene sentido. Una plantaci\u00f3n ecol\u00f3gica significa que debemos <strong>prescindir de herbicidas y pesticidas,<\/strong> que durante tres a\u00f1os y antes de poner la primera planta, no podemos emplear ning\u00fan producto qu\u00edmico no autorizado. Merece la pena hacerlo de esta manera. <\/p>\n\n\n\n<h2>Plantaci\u00f3n de Sambucus Nigra.<\/h2>\n\n\n\n<figure class=\"wp-block-image size-large\"><img loading=\"lazy\" width=\"1024\" height=\"688\" src=\"https:\/\/carabunhas.com\/wp-content\/uploads\/2020\/12\/plantacion-sabugueiro2-1024x688.jpg\" alt=\"Arbol de sauco, sambucus nigra.\n\" class=\"wp-image-50515\" srcset=\"https:\/\/carabunhas.com\/wp-content\/uploads\/2020\/12\/plantacion-sabugueiro2-1024x688.jpg 1024w, https:\/\/carabunhas.com\/wp-content\/uploads\/2020\/12\/plantacion-sabugueiro2-300x201.jpg 300w, https:\/\/carabunhas.com\/wp-content\/uploads\/2020\/12\/plantacion-sabugueiro2-768x516.jpg 768w, https:\/\/carabunhas.com\/wp-content\/uploads\/2020\/12\/plantacion-sabugueiro2-1536x1031.jpg 1536w, https:\/\/carabunhas.com\/wp-content\/uploads\/2020\/12\/plantacion-sabugueiro2-1200x806.jpg 1200w, https:\/\/carabunhas.com\/wp-content\/uploads\/2020\/12\/plantacion-sabugueiro2-1980x1330.jpg 1980w, https:\/\/carabunhas.com\/wp-content\/uploads\/2020\/12\/plantacion-sabugueiro2-450x302.jpg 450w, https:\/\/carabunhas.com\/wp-content\/uploads\/2020\/12\/plantacion-sabugueiro2-600x403.jpg 600w, https:\/\/carabunhas.com\/wp-content\/uploads\/2020\/12\/plantacion-sabugueiro2.jpg 2000w\" sizes=\"(max-width: 1024px) 100vw, 1024px\" \/><\/figure>\n\n\n\n<p>Estos d\u00edas (finales de noviembre, principios de diciembre) estamos con la poda en la plantaci\u00f3n. Una parte del trabajo fundamental para obtener el producto que queremos. Despu\u00e9s de la poda hacemos el abonado de invierno, \u00faltima tarea del a\u00f1o. Para comenzar con la recolecci\u00f3n tenemos que esperar pacientes hasta la primavera.<\/p>\n\n\n\n<p>A finales de mayo o en el mes de junio recogemos la flor con la que elaboramos el <a href=\"https:\/\/carabunhas.com\/es\/producto\/jalea-ecologica-sauco\/\" target=\"_blank\" rel=\"noreferrer noopener\">gel\u00e9e,<\/a> la <a href=\"https:\/\/carabunhas.com\/es\/producto\/flor-sauco-deshidratada-eco\/\" target=\"_blank\" rel=\"noreferrer noopener\">flor deshidratada<\/a> pensada para tomar como infusi\u00f3n o la <a href=\"https:\/\/carabunhas.com\/es\/producto\/cerveza-flor-sauco\/\" target=\"_blank\" rel=\"noreferrer noopener\">cerveza de flor de sabugueiro.<\/a> Para recoger el fruto con el que elaboramos las <a href=\"https:\/\/carabunhas.com\/es\/categoria-producto\/mermeladas-ecologicas\/\" target=\"_blank\" rel=\"noreferrer noopener\">mermeladas<\/a> o el <a href=\"https:\/\/carabunhas.com\/es\/categoria-producto\/licores\/\" target=\"_blank\" rel=\"noreferrer noopener\">licor<\/a> entre otros productos, tenemos que esperar hasta el mes de agosto.<\/p>\n\n\n\n<p>Adem\u00e1s de podar, abonar y recoger necesitamos regar en verano si las plantas nos lo piden. Y tenemos la suerte de no tener muchos problemas de plagas o enfermedades. Por \u00faltimo, nuestra relaci\u00f3n con las torcaces que nos visitan es positiva y de muto entendimiento.<\/p>\n\n\n\n<p><strong>Desde el momento de la plantaci\u00f3n hasta que recogemos por primera vez pueden pasar entre tres y cuatro a\u00f1os.<\/strong> Mucho menos tiempo del que pensamos seguir cuidando los sa\u00facos y d\u00e1ndoles forma de mermelada, cerveza o de cualquier nuevo producto que pueda surgir en los pr\u00f3ximos a\u00f1os.<\/p>\n","protected":false},"excerpt":{"rendered":"<p>La primera plantaci\u00f3n de sa\u00faco ecol\u00f3gico en Galicia. En el a\u00f1o 2016, despu\u00e9s de las primeras pruebas con sa\u00faco silvestre y de ver la aceptaci\u00f3n que ten\u00edan nuestros productos, tomamos una decisi\u00f3n atrevida. Crear la primera plantaci\u00f3n de sauco ecol\u00f3gico en Galicia. Esta idea surg\u00eda de nuestra manera de entender el rural y formaba parte [&hellip;]<\/p>\n","protected":false},"author":16,"featured_media":50511,"comment_status":"closed","ping_status":"closed","sticky":false,"template":"templates\/template-full-width.php","format":"standard","meta":[],"categories":[5707],"tags":[],"acf":[],"yoast_head":"<!-- This site is optimized with the Yoast SEO plugin v18.9-RC1 - https:\/\/yoast.com\/wordpress\/plugins\/seo\/ -->\n<title>La primera plantaci\u00f3n de sa\u00faco ecol\u00f3gico en Galicia. - Carabu\u00f1as<\/title>\n<meta name=\"description\" content=\"En el a\u00f1o 2016 tomamos la decisi\u00f3n de crear la primera plantaci\u00f3n de sa\u00faco ecol\u00f3gico en Galicia, situada en Vilar de Santos.\" \/>\n<meta name=\"robots\" content=\"index, follow, max-snippet:-1, max-image-preview:large, max-video-preview:-1\" \/>\n<link rel=\"canonical\" href=\"https:\/\/carabunhas.com\/es\/la-primera-plantacion-sauco-ecologico-en-galicia\/\" \/>\n<meta property=\"og:locale\" content=\"es_ES\" \/>\n<meta property=\"og:type\" content=\"article\" \/>\n<meta property=\"og:title\" content=\"La primera plantaci\u00f3n de sa\u00faco ecol\u00f3gico en Galicia. - Carabu\u00f1as\" \/>\n<meta property=\"og:description\" content=\"En el a\u00f1o 2016 tomamos la decisi\u00f3n de crear la primera plantaci\u00f3n de sa\u00faco ecol\u00f3gico en Galicia, situada en Vilar de Santos.\" \/>\n<meta property=\"og:url\" content=\"https:\/\/carabunhas.com\/es\/la-primera-plantacion-sauco-ecologico-en-galicia\/\" \/>\n<meta property=\"og:site_name\" content=\"Carabu\u00f1as\" \/>\n<meta property=\"article:published_time\" content=\"2020-12-04T07:34:14+00:00\" \/>\n<meta property=\"article:modified_time\" content=\"2023-09-27T22:03:18+00:00\" \/>\n<meta property=\"og:image\" content=\"https:\/\/carabunhas.com\/wp-content\/uploads\/2020\/12\/sabugueiro-vilar-de-santos.jpg\" \/>\n\t<meta property=\"og:image:width\" content=\"430\" \/>\n\t<meta property=\"og:image:height\" content=\"493\" \/>\n\t<meta property=\"og:image:type\" content=\"image\/jpeg\" \/>\n<meta name=\"twitter:card\" content=\"summary_large_image\" \/>\n<meta name=\"twitter:label1\" content=\"Escrito por\" \/>\n\t<meta name=\"twitter:data1\" content=\"Carabu\u00f1as\" \/>\n\t<meta name=\"twitter:label2\" content=\"Tiempo de lectura\" \/>\n\t<meta name=\"twitter:data2\" content=\"3 minutos\" \/>\n<script type=\"application\/ld+json\" class=\"yoast-schema-graph\">{\"@context\":\"https:\/\/schema.org\",\"@graph\":[{\"@type\":\"WebSite\",\"@id\":\"https:\/\/carabunhas.com\/#website\",\"url\":\"https:\/\/carabunhas.com\/\",\"name\":\"Carabu\u00f1as\",\"description\":\"\",\"potentialAction\":[{\"@type\":\"SearchAction\",\"target\":{\"@type\":\"EntryPoint\",\"urlTemplate\":\"https:\/\/carabunhas.com\/?s={search_term_string}\"},\"query-input\":\"required name=search_term_string\"}],\"inLanguage\":\"es\"},{\"@type\":\"ImageObject\",\"inLanguage\":\"es\",\"@id\":\"https:\/\/carabunhas.com\/es\/la-primera-plantacion-sauco-ecologico-en-galicia\/#primaryimage\",\"url\":\"https:\/\/carabunhas.com\/wp-content\/uploads\/2020\/12\/sabugueiro-vilar-de-santos.jpg\",\"contentUrl\":\"https:\/\/carabunhas.com\/wp-content\/uploads\/2020\/12\/sabugueiro-vilar-de-santos.jpg\",\"width\":430,\"height\":493},{\"@type\":\"WebPage\",\"@id\":\"https:\/\/carabunhas.com\/es\/la-primera-plantacion-sauco-ecologico-en-galicia\/#webpage\",\"url\":\"https:\/\/carabunhas.com\/es\/la-primera-plantacion-sauco-ecologico-en-galicia\/\",\"name\":\"La primera plantaci\u00f3n de sa\u00faco ecol\u00f3gico en Galicia. - Carabu\u00f1as\",\"isPartOf\":{\"@id\":\"https:\/\/carabunhas.com\/#website\"},\"primaryImageOfPage\":{\"@id\":\"https:\/\/carabunhas.com\/es\/la-primera-plantacion-sauco-ecologico-en-galicia\/#primaryimage\"},\"datePublished\":\"2020-12-04T07:34:14+00:00\",\"dateModified\":\"2023-09-27T22:03:18+00:00\",\"author\":{\"@id\":\"https:\/\/carabunhas.com\/#\/schema\/person\/b0236530662da33f25ec2d57697fbc3f\"},\"description\":\"En el a\u00f1o 2016 tomamos la decisi\u00f3n de crear la primera plantaci\u00f3n de sa\u00faco ecol\u00f3gico en Galicia, situada en Vilar de Santos.\",\"breadcrumb\":{\"@id\":\"https:\/\/carabunhas.com\/es\/la-primera-plantacion-sauco-ecologico-en-galicia\/#breadcrumb\"},\"inLanguage\":\"es\",\"potentialAction\":[{\"@type\":\"ReadAction\",\"target\":[\"https:\/\/carabunhas.com\/es\/la-primera-plantacion-sauco-ecologico-en-galicia\/\"]}]},{\"@type\":\"BreadcrumbList\",\"@id\":\"https:\/\/carabunhas.com\/es\/la-primera-plantacion-sauco-ecologico-en-galicia\/#breadcrumb\",\"itemListElement\":[{\"@type\":\"ListItem\",\"position\":1,\"name\":\"Portada\",\"item\":\"https:\/\/carabunhas.com\/es\/\"},{\"@type\":\"ListItem\",\"position\":2,\"name\":\"La primera plantaci\u00f3n de sa\u00faco ecol\u00f3gico en Galicia.\"}]},{\"@type\":\"Person\",\"@id\":\"https:\/\/carabunhas.com\/#\/schema\/person\/b0236530662da33f25ec2d57697fbc3f\",\"name\":\"Carabu\u00f1as\",\"url\":\"https:\/\/carabunhas.com\/es\/author\/carabunhas-2\/\"}]}<\/script>\n<!-- \/ Yoast SEO plugin. -->","yoast_head_json":{"title":"La primera plantaci\u00f3n de sa\u00faco ecol\u00f3gico en Galicia. - Carabu\u00f1as","description":"En el a\u00f1o 2016 tomamos la decisi\u00f3n de crear la primera plantaci\u00f3n de sa\u00faco ecol\u00f3gico en Galicia, situada en Vilar de Santos.","robots":{"index":"index","follow":"follow","max-snippet":"max-snippet:-1","max-image-preview":"max-image-preview:large","max-video-preview":"max-video-preview:-1"},"canonical":"https:\/\/carabunhas.com\/es\/la-primera-plantacion-sauco-ecologico-en-galicia\/","og_locale":"es_ES","og_type":"article","og_title":"La primera plantaci\u00f3n de sa\u00faco ecol\u00f3gico en Galicia. - Carabu\u00f1as","og_description":"En el a\u00f1o 2016 tomamos la decisi\u00f3n de crear la primera plantaci\u00f3n de sa\u00faco ecol\u00f3gico en Galicia, situada en Vilar de Santos.","og_url":"https:\/\/carabunhas.com\/es\/la-primera-plantacion-sauco-ecologico-en-galicia\/","og_site_name":"Carabu\u00f1as","article_published_time":"2020-12-04T07:34:14+00:00","article_modified_time":"2023-09-27T22:03:18+00:00","og_image":[{"width":430,"height":493,"url":"https:\/\/carabunhas.com\/wp-content\/uploads\/2020\/12\/sabugueiro-vilar-de-santos.jpg","type":"image\/jpeg"}],"twitter_card":"summary_large_image","twitter_misc":{"Escrito por":"Carabu\u00f1as","Tiempo de lectura":"3 minutos"},"schema":{"@context":"https:\/\/schema.org","@graph":[{"@type":"WebSite","@id":"https:\/\/carabunhas.com\/#website","url":"https:\/\/carabunhas.com\/","name":"Carabu\u00f1as","description":"","potentialAction":[{"@type":"SearchAction","target":{"@type":"EntryPoint","urlTemplate":"https:\/\/carabunhas.com\/?s={search_term_string}"},"query-input":"required name=search_term_string"}],"inLanguage":"es"},{"@type":"ImageObject","inLanguage":"es","@id":"https:\/\/carabunhas.com\/es\/la-primera-plantacion-sauco-ecologico-en-galicia\/#primaryimage","url":"https:\/\/carabunhas.com\/wp-content\/uploads\/2020\/12\/sabugueiro-vilar-de-santos.jpg","contentUrl":"https:\/\/carabunhas.com\/wp-content\/uploads\/2020\/12\/sabugueiro-vilar-de-santos.jpg","width":430,"height":493},{"@type":"WebPage","@id":"https:\/\/carabunhas.com\/es\/la-primera-plantacion-sauco-ecologico-en-galicia\/#webpage","url":"https:\/\/carabunhas.com\/es\/la-primera-plantacion-sauco-ecologico-en-galicia\/","name":"La primera plantaci\u00f3n de sa\u00faco ecol\u00f3gico en Galicia. - Carabu\u00f1as","isPartOf":{"@id":"https:\/\/carabunhas.com\/#website"},"primaryImageOfPage":{"@id":"https:\/\/carabunhas.com\/es\/la-primera-plantacion-sauco-ecologico-en-galicia\/#primaryimage"},"datePublished":"2020-12-04T07:34:14+00:00","dateModified":"2023-09-27T22:03:18+00:00","author":{"@id":"https:\/\/carabunhas.com\/#\/schema\/person\/b0236530662da33f25ec2d57697fbc3f"},"description":"En el a\u00f1o 2016 tomamos la decisi\u00f3n de crear la primera plantaci\u00f3n de sa\u00faco ecol\u00f3gico en Galicia, situada en Vilar de Santos.","breadcrumb":{"@id":"https:\/\/carabunhas.com\/es\/la-primera-plantacion-sauco-ecologico-en-galicia\/#breadcrumb"},"inLanguage":"es","potentialAction":[{"@type":"ReadAction","target":["https:\/\/carabunhas.com\/es\/la-primera-plantacion-sauco-ecologico-en-galicia\/"]}]},{"@type":"BreadcrumbList","@id":"https:\/\/carabunhas.com\/es\/la-primera-plantacion-sauco-ecologico-en-galicia\/#breadcrumb","itemListElement":[{"@type":"ListItem","position":1,"name":"Portada","item":"https:\/\/carabunhas.com\/es\/"},{"@type":"ListItem","position":2,"name":"La primera plantaci\u00f3n de sa\u00faco ecol\u00f3gico en Galicia."}]},{"@type":"Person","@id":"https:\/\/carabunhas.com\/#\/schema\/person\/b0236530662da33f25ec2d57697fbc3f","name":"Carabu\u00f1as","url":"https:\/\/carabunhas.com\/es\/author\/carabunhas-2\/"}]}},"_links":{"self":[{"href":"https:\/\/carabunhas.com\/es\/wp-json\/wp\/v2\/posts\/50509"}],"collection":[{"href":"https:\/\/carabunhas.com\/es\/wp-json\/wp\/v2\/posts"}],"about":[{"href":"https:\/\/carabunhas.com\/es\/wp-json\/wp\/v2\/types\/post"}],"author":[{"embeddable":true,"href":"https:\/\/carabunhas.com\/es\/wp-json\/wp\/v2\/users\/16"}],"replies":[{"embeddable":true,"href":"https:\/\/carabunhas.com\/es\/wp-json\/wp\/v2\/comments?post=50509"}],"version-history":[{"count":3,"href":"https:\/\/carabunhas.com\/es\/wp-json\/wp\/v2\/posts\/50509\/revisions"}],"predecessor-version":[{"id":53433,"href":"https:\/\/carabunhas.com\/es\/wp-json\/wp\/v2\/posts\/50509\/revisions\/53433"}],"wp:featuredmedia":[{"embeddable":true,"href":"https:\/\/carabunhas.com\/es\/wp-json\/wp\/v2\/media\/50511"}],"wp:attachment":[{"href":"https:\/\/carabunhas.com\/es\/wp-json\/wp\/v2\/media?parent=50509"}],"wp:term":[{"taxonomy":"category","embeddable":true,"href":"https:\/\/carabunhas.com\/es\/wp-json\/wp\/v2\/categories?post=50509"},{"taxonomy":"post_tag","embeddable":true,"href":"https:\/\/carabunhas.com\/es\/wp-json\/wp\/v2\/tags?post=50509"}],"curies":[{"name":"wp","href":"https:\/\/api.w.org\/{rel}","templated":true}]}}