{"id":162,"date":"2020-10-01T10:27:00","date_gmt":"2020-10-01T08:27:00","guid":{"rendered":"https:\/\/carabunhas.com\/?p=162"},"modified":"2020-11-13T09:17:44","modified_gmt":"2020-11-13T08:17:44","slug":"comprar-tienda-carabunhas","status":"publish","type":"post","link":"https:\/\/carabunhas.com\/es\/comprar-tienda-carabunhas\/","title":{"rendered":"La tienda de Carabu\u00f1as, en vuestra casa"},"content":{"rendered":"\n<figure class=\"wp-block-image size-large\"><img loading=\"lazy\" width=\"1024\" height=\"682\" src=\"https:\/\/carabunhas.com\/wp-content\/uploads\/2020\/11\/Carabun\u0303as-1024x682.jpg\" alt=\"\" class=\"wp-image-6803\" srcset=\"https:\/\/carabunhas.com\/wp-content\/uploads\/2020\/11\/Carabun\u0303as-1024x682.jpg 1024w, https:\/\/carabunhas.com\/wp-content\/uploads\/2020\/11\/Carabun\u0303as-300x200.jpg 300w, https:\/\/carabunhas.com\/wp-content\/uploads\/2020\/11\/Carabun\u0303as-768x512.jpg 768w, https:\/\/carabunhas.com\/wp-content\/uploads\/2020\/11\/Carabun\u0303as-1200x800.jpg 1200w, https:\/\/carabunhas.com\/wp-content\/uploads\/2020\/11\/Carabun\u0303as-450x300.jpg 450w, https:\/\/carabunhas.com\/wp-content\/uploads\/2020\/11\/Carabun\u0303as-600x400.jpg 600w, https:\/\/carabunhas.com\/wp-content\/uploads\/2020\/11\/Carabun\u0303as.jpg 1250w\" sizes=\"(max-width: 1024px) 100vw, 1024px\" \/><\/figure>\n\n\n\n<p>Hoy abrimos las puertas de nuestro nuevo sitio en la Red que queremos compartir con vosotros desde ya. Nosotros trabajamos despacio y hablamos bajito. Sabemos que no es f\u00e1cil que nos escuchen en un entorno, el digital, en el que todo va demasiado r\u00e1pido y en el que destaca quien tiene el altavoz m\u00e1s grande. <\/p>\n\n\n\n<p>Pero tambi\u00e9n creemos que la Red puede ser <strong>un lugar de encuentro<\/strong> para los que apostamos por los lugares peque\u00f1os, por el rural, para los que compartimos el objetivo de cuidar y <strong>tirar provecho de nuestros recursos para garantizar el futuro<\/strong>.  <\/p>\n\n\n\n<h3>Os do Sabugueiro <\/h3>\n\n\n\n<p>Antes de comprar queremos que nos conozc\u00e1is, que sep\u00e1is <a href=\"https:\/\/carabunhas.com\/es\/quienes-somos\/\" target=\"_blank\" rel=\"noreferrer noopener\">qui\u00e9nes somos<\/a> \u201cOs do sabugueiro\u201d, que nos conozc\u00e1is a nosotros y a nuestro proyecto. <\/p>\n\n\n\n<p>Tenemos la suerte de vivir en <strong>Vilar de Santos<\/strong>, en la <a href=\"https:\/\/www.areadeallariz.com\/\" target=\"_blank\" rel=\"noreferrer noopener\">Reserva de la Biosfera, \u00c1rea de Allariz<\/a>. Estamos aqu\u00ed desde el a\u00f1o 2012. Comenzamos jugando con varias materias primas, aunque enseguida nos pusimos a girar alrededor del sa\u00faco por la buena acogida que ten\u00edan los productos. <\/p>\n\n\n\n<p>Somos afortunados porque cada a\u00f1o llegamos a m\u00e1s tiendas, a m\u00e1s bares y restaurantes y a vosotros, a trav\u00e9s de nuestras redes sociales y de nuestra web. <\/p>\n\n\n\n<p>P\u00e1gina aparte merece el protagonista de nuestra historia, <a href=\"https:\/\/carabunhas.com\/es\/o-sabugueiro\/\" target=\"_blank\" rel=\"noreferrer noopener\">el sa\u00faco.<\/a> Os sorprender\u00e1 todos los nombres que tiene, las <strong>propiedades y usos de la flor y del fruto<\/strong>, la cultura alrededor de un recurso olvidado, pero que siempre form\u00f3 parte de nuestra paisaje.  <\/p>\n\n\n\n<h3>Productos de Carabu\u00f1as buscan tiendas bonitas <\/h3>\n\n\n\n<p>Si ten\u00e9is una tienda, bar o restaurante bonito y quer\u00e9is vender productos de Carabu\u00f1as, os recibimos <a href=\"https:\/\/carabunhas.com\/es\/distribuidores\/\" target=\"_blank\" rel=\"noreferrer noopener\">aqu\u00ed.<\/a>  Nos gustan las tiendas de productos artesanales, ecol\u00f3gicos, de cercan\u00edas, etc. Las que cuidan tanto a sus clientas y clientes como el lugar en el que trabajan. Si es vuestro caso y pens\u00e1is que Carabu\u00f1as encaja en vuestra oferta de productos, estaremos encantados de conversar con vosotros. <\/p>\n\n\n\n<p>Tambi\u00e9n nos prestan los bares y restaurantes diferentes, que se preocupan tanto del men\u00fa como de cuidar, por ejemplo, que las marcas y productores con los que trabajan cuiden de su medio. <\/p>\n\n\n\n<h3>Comprar Carabu\u00f1as <\/h3>\n\n\n\n<figure class=\"wp-block-image size-large\"><img loading=\"lazy\" width=\"1024\" height=\"683\" src=\"https:\/\/carabunhas.com\/wp-content\/uploads\/2020\/11\/Carabun\u0303as-produtos-1024x683.jpg\" alt=\"\" class=\"wp-image-6805\" srcset=\"https:\/\/carabunhas.com\/wp-content\/uploads\/2020\/11\/Carabun\u0303as-produtos-1024x683.jpg 1024w, https:\/\/carabunhas.com\/wp-content\/uploads\/2020\/11\/Carabun\u0303as-produtos-300x200.jpg 300w, https:\/\/carabunhas.com\/wp-content\/uploads\/2020\/11\/Carabun\u0303as-produtos-768x512.jpg 768w, https:\/\/carabunhas.com\/wp-content\/uploads\/2020\/11\/Carabun\u0303as-produtos-450x300.jpg 450w, https:\/\/carabunhas.com\/wp-content\/uploads\/2020\/11\/Carabun\u0303as-produtos-600x400.jpg 600w, https:\/\/carabunhas.com\/wp-content\/uploads\/2020\/11\/Carabun\u0303as-produtos.jpg 1200w\" sizes=\"(max-width: 1024px) 100vw, 1024px\" \/><\/figure>\n\n\n\n<p>Cuando vosotros quer\u00e1is pod\u00e9is entrar en nuestra <a href=\"https:\/\/carabunhas.com\/es\/tienda\/\" target=\"_blank\" rel=\"noreferrer noopener\">tienda.<\/a> Est\u00e1 siempre abierta. Pod\u00e9is encontrar nuestros productos \u2013las <strong>mermeladas<\/strong>, el <strong>licor<\/strong>, las <strong>cervezas<\/strong>, las <strong>infusiones<\/strong>, etc.\u2013, pero tambi\u00e9n cestas que contienen <strong>Carabu\u00f1as y otros productos gallegos<\/strong> que estamos deseando que descubr\u00e1is. <\/p>\n\n\n\n<p>Queremos caminar de la mano de otros <strong>proyectos que compartan nuestros intereses e inquietudes<\/strong>.  <\/p>\n\n\n\n<p>Se quer\u00e9is regalar Carabu\u00f1as, nuestras nuevas tarjetas regalo son una buena opci\u00f3n. Cada uno de nosotros somos libres de gastar el dinero en mermeladas, licores o en un lote de mermelada, licor de  sabugueiro y quesos gallegos.  <\/p>\n\n\n\n<p>En la <a href=\"https:\/\/carabunhas.com\/es\/\" target=\"_blank\" rel=\"noreferrer noopener\">portada<\/a> de la p\u00e1gina, pod\u00e9is suscribiros a nuestro bolet\u00edn digital.  Prometemos que no vamos a llenar vuestra bandeja de correo de informaci\u00f3n que no os interesa. Si os gustan los productos de Carabu\u00f1as s\u00ed que os informaremos de alguna novedad o de ofertas que sean de vuestro inter\u00e9s. <\/p>\n\n\n\n<p>Por \u00faltimo y no menos importante, pod\u00e9is poneros en <a href=\"https:\/\/carabunhas.com\/es\/contacto\/\" target=\"_blank\" rel=\"noreferrer noopener\">contacto<\/a> con nosotros cuando quer\u00e1is. Porque hubo alg\u00fan problema con un pedido, porque cometemos alg\u00fan error, porque quer\u00e9is contarnos el uso que se le daba al  sa\u00faco en vuestra zona&#8230;  <strong>\u00a1estamos a un solo click!<\/strong><\/p>\n\n\n\n<p>Damos este paso en un momento dif\u00edcil para todos en el que no queremos dejar pasar la oportunidad de enviar fuerzas y apoyo a dos sectores que son vitales para nosotros como <strong>la restauraci\u00f3n y el peque\u00f1o comercio<\/strong>. Tambi\u00e9n queremos dar las gracias a los que confi\u00e1is en los <strong>peque\u00f1os productores gallegos<\/strong> y hac\u00e9is posibles proyectos como el nuestro.  <\/p>\n","protected":false},"excerpt":{"rendered":"<p>Hoy abrimos las puertas de nuestro nuevo sitio en la Red que queremos compartir con vosotros desde ya. Nosotros trabajamos despacio y hablamos bajito. Sabemos que no es f\u00e1cil que nos escuchen en un entorno, el digital, en el que todo va demasiado r\u00e1pido y en el que destaca quien tiene el altavoz m\u00e1s grande. [&hellip;]<\/p>\n","protected":false},"author":16,"featured_media":173,"comment_status":"closed","ping_status":"closed","sticky":false,"template":"","format":"standard","meta":[],"categories":[5707],"tags":[],"acf":[],"yoast_head":"<!-- This site is optimized with the Yoast SEO plugin v18.9-RC1 - https:\/\/yoast.com\/wordpress\/plugins\/seo\/ -->\n<title>La tienda de Carabu\u00f1as, en vuestra casa - Carabu\u00f1as<\/title>\n<meta name=\"robots\" content=\"index, follow, max-snippet:-1, max-image-preview:large, max-video-preview:-1\" \/>\n<link rel=\"canonical\" href=\"https:\/\/carabunhas.com\/es\/comprar-tienda-carabunhas\/\" \/>\n<meta property=\"og:locale\" content=\"es_ES\" \/>\n<meta property=\"og:type\" content=\"article\" \/>\n<meta property=\"og:title\" content=\"La tienda de Carabu\u00f1as, en vuestra casa - Carabu\u00f1as\" \/>\n<meta property=\"og:description\" content=\"Hoy abrimos las puertas de nuestro nuevo sitio en la Red que queremos compartir con vosotros desde ya. Nosotros trabajamos despacio y hablamos bajito. Sabemos que no es f\u00e1cil que nos escuchen en un entorno, el digital, en el que todo va demasiado r\u00e1pido y en el que destaca quien tiene el altavoz m\u00e1s grande. [&hellip;]\" \/>\n<meta property=\"og:url\" content=\"https:\/\/carabunhas.com\/es\/comprar-tienda-carabunhas\/\" \/>\n<meta property=\"og:site_name\" content=\"Carabu\u00f1as\" \/>\n<meta property=\"article:published_time\" content=\"2020-10-01T08:27:00+00:00\" \/>\n<meta property=\"article:modified_time\" content=\"2020-11-13T08:17:44+00:00\" \/>\n<meta property=\"og:image\" content=\"https:\/\/carabunhas.com\/wp-content\/uploads\/2020\/09\/Instagram13.png\" \/>\n\t<meta property=\"og:image:width\" content=\"430\" \/>\n\t<meta property=\"og:image:height\" content=\"493\" \/>\n\t<meta property=\"og:image:type\" content=\"image\/png\" \/>\n<meta name=\"twitter:card\" content=\"summary_large_image\" \/>\n<meta name=\"twitter:label1\" content=\"Escrito por\" \/>\n\t<meta name=\"twitter:data1\" content=\"Carabu\u00f1as\" \/>\n\t<meta name=\"twitter:label2\" content=\"Tiempo de lectura\" \/>\n\t<meta name=\"twitter:data2\" content=\"3 minutos\" \/>\n<script type=\"application\/ld+json\" class=\"yoast-schema-graph\">{\"@context\":\"https:\/\/schema.org\",\"@graph\":[{\"@type\":\"WebSite\",\"@id\":\"https:\/\/carabunhas.com\/#website\",\"url\":\"https:\/\/carabunhas.com\/\",\"name\":\"Carabu\u00f1as\",\"description\":\"\",\"potentialAction\":[{\"@type\":\"SearchAction\",\"target\":{\"@type\":\"EntryPoint\",\"urlTemplate\":\"https:\/\/carabunhas.com\/?s={search_term_string}\"},\"query-input\":\"required name=search_term_string\"}],\"inLanguage\":\"es\"},{\"@type\":\"ImageObject\",\"inLanguage\":\"es\",\"@id\":\"https:\/\/carabunhas.com\/es\/comprar-tienda-carabunhas\/#primaryimage\",\"url\":\"https:\/\/carabunhas.com\/wp-content\/uploads\/2020\/09\/Instagram13.png\",\"contentUrl\":\"https:\/\/carabunhas.com\/wp-content\/uploads\/2020\/09\/Instagram13.png\",\"width\":430,\"height\":493,\"caption\":\"foto de instagram\"},{\"@type\":\"WebPage\",\"@id\":\"https:\/\/carabunhas.com\/es\/comprar-tienda-carabunhas\/#webpage\",\"url\":\"https:\/\/carabunhas.com\/es\/comprar-tienda-carabunhas\/\",\"name\":\"La tienda de Carabu\u00f1as, en vuestra casa - Carabu\u00f1as\",\"isPartOf\":{\"@id\":\"https:\/\/carabunhas.com\/#website\"},\"primaryImageOfPage\":{\"@id\":\"https:\/\/carabunhas.com\/es\/comprar-tienda-carabunhas\/#primaryimage\"},\"datePublished\":\"2020-10-01T08:27:00+00:00\",\"dateModified\":\"2020-11-13T08:17:44+00:00\",\"author\":{\"@id\":\"https:\/\/carabunhas.com\/#\/schema\/person\/b0236530662da33f25ec2d57697fbc3f\"},\"breadcrumb\":{\"@id\":\"https:\/\/carabunhas.com\/es\/comprar-tienda-carabunhas\/#breadcrumb\"},\"inLanguage\":\"es\",\"potentialAction\":[{\"@type\":\"ReadAction\",\"target\":[\"https:\/\/carabunhas.com\/es\/comprar-tienda-carabunhas\/\"]}]},{\"@type\":\"BreadcrumbList\",\"@id\":\"https:\/\/carabunhas.com\/es\/comprar-tienda-carabunhas\/#breadcrumb\",\"itemListElement\":[{\"@type\":\"ListItem\",\"position\":1,\"name\":\"Portada\",\"item\":\"https:\/\/carabunhas.com\/es\/\"},{\"@type\":\"ListItem\",\"position\":2,\"name\":\"La tienda de Carabu\u00f1as, en vuestra casa\"}]},{\"@type\":\"Person\",\"@id\":\"https:\/\/carabunhas.com\/#\/schema\/person\/b0236530662da33f25ec2d57697fbc3f\",\"name\":\"Carabu\u00f1as\",\"url\":\"https:\/\/carabunhas.com\/es\/author\/carabunhas-2\/\"}]}<\/script>\n<!-- \/ Yoast SEO plugin. -->","yoast_head_json":{"title":"La tienda de Carabu\u00f1as, en vuestra casa - Carabu\u00f1as","robots":{"index":"index","follow":"follow","max-snippet":"max-snippet:-1","max-image-preview":"max-image-preview:large","max-video-preview":"max-video-preview:-1"},"canonical":"https:\/\/carabunhas.com\/es\/comprar-tienda-carabunhas\/","og_locale":"es_ES","og_type":"article","og_title":"La tienda de Carabu\u00f1as, en vuestra casa - Carabu\u00f1as","og_description":"Hoy abrimos las puertas de nuestro nuevo sitio en la Red que queremos compartir con vosotros desde ya. Nosotros trabajamos despacio y hablamos bajito. Sabemos que no es f\u00e1cil que nos escuchen en un entorno, el digital, en el que todo va demasiado r\u00e1pido y en el que destaca quien tiene el altavoz m\u00e1s grande. [&hellip;]","og_url":"https:\/\/carabunhas.com\/es\/comprar-tienda-carabunhas\/","og_site_name":"Carabu\u00f1as","article_published_time":"2020-10-01T08:27:00+00:00","article_modified_time":"2020-11-13T08:17:44+00:00","og_image":[{"width":430,"height":493,"url":"https:\/\/carabunhas.com\/wp-content\/uploads\/2020\/09\/Instagram13.png","type":"image\/png"}],"twitter_card":"summary_large_image","twitter_misc":{"Escrito por":"Carabu\u00f1as","Tiempo de lectura":"3 minutos"},"schema":{"@context":"https:\/\/schema.org","@graph":[{"@type":"WebSite","@id":"https:\/\/carabunhas.com\/#website","url":"https:\/\/carabunhas.com\/","name":"Carabu\u00f1as","description":"","potentialAction":[{"@type":"SearchAction","target":{"@type":"EntryPoint","urlTemplate":"https:\/\/carabunhas.com\/?s={search_term_string}"},"query-input":"required name=search_term_string"}],"inLanguage":"es"},{"@type":"ImageObject","inLanguage":"es","@id":"https:\/\/carabunhas.com\/es\/comprar-tienda-carabunhas\/#primaryimage","url":"https:\/\/carabunhas.com\/wp-content\/uploads\/2020\/09\/Instagram13.png","contentUrl":"https:\/\/carabunhas.com\/wp-content\/uploads\/2020\/09\/Instagram13.png","width":430,"height":493,"caption":"foto de instagram"},{"@type":"WebPage","@id":"https:\/\/carabunhas.com\/es\/comprar-tienda-carabunhas\/#webpage","url":"https:\/\/carabunhas.com\/es\/comprar-tienda-carabunhas\/","name":"La tienda de Carabu\u00f1as, en vuestra casa - Carabu\u00f1as","isPartOf":{"@id":"https:\/\/carabunhas.com\/#website"},"primaryImageOfPage":{"@id":"https:\/\/carabunhas.com\/es\/comprar-tienda-carabunhas\/#primaryimage"},"datePublished":"2020-10-01T08:27:00+00:00","dateModified":"2020-11-13T08:17:44+00:00","author":{"@id":"https:\/\/carabunhas.com\/#\/schema\/person\/b0236530662da33f25ec2d57697fbc3f"},"breadcrumb":{"@id":"https:\/\/carabunhas.com\/es\/comprar-tienda-carabunhas\/#breadcrumb"},"inLanguage":"es","potentialAction":[{"@type":"ReadAction","target":["https:\/\/carabunhas.com\/es\/comprar-tienda-carabunhas\/"]}]},{"@type":"BreadcrumbList","@id":"https:\/\/carabunhas.com\/es\/comprar-tienda-carabunhas\/#breadcrumb","itemListElement":[{"@type":"ListItem","position":1,"name":"Portada","item":"https:\/\/carabunhas.com\/es\/"},{"@type":"ListItem","position":2,"name":"La tienda de Carabu\u00f1as, en vuestra casa"}]},{"@type":"Person","@id":"https:\/\/carabunhas.com\/#\/schema\/person\/b0236530662da33f25ec2d57697fbc3f","name":"Carabu\u00f1as","url":"https:\/\/carabunhas.com\/es\/author\/carabunhas-2\/"}]}},"_links":{"self":[{"href":"https:\/\/carabunhas.com\/es\/wp-json\/wp\/v2\/posts\/162"}],"collection":[{"href":"https:\/\/carabunhas.com\/es\/wp-json\/wp\/v2\/posts"}],"about":[{"href":"https:\/\/carabunhas.com\/es\/wp-json\/wp\/v2\/types\/post"}],"author":[{"embeddable":true,"href":"https:\/\/carabunhas.com\/es\/wp-json\/wp\/v2\/users\/16"}],"replies":[{"embeddable":true,"href":"https:\/\/carabunhas.com\/es\/wp-json\/wp\/v2\/comments?post=162"}],"version-history":[{"count":6,"href":"https:\/\/carabunhas.com\/es\/wp-json\/wp\/v2\/posts\/162\/revisions"}],"predecessor-version":[{"id":50207,"href":"https:\/\/carabunhas.com\/es\/wp-json\/wp\/v2\/posts\/162\/revisions\/50207"}],"wp:featuredmedia":[{"embeddable":true,"href":"https:\/\/carabunhas.com\/es\/wp-json\/wp\/v2\/media\/173"}],"wp:attachment":[{"href":"https:\/\/carabunhas.com\/es\/wp-json\/wp\/v2\/media?parent=162"}],"wp:term":[{"taxonomy":"category","embeddable":true,"href":"https:\/\/carabunhas.com\/es\/wp-json\/wp\/v2\/categories?post=162"},{"taxonomy":"post_tag","embeddable":true,"href":"https:\/\/carabunhas.com\/es\/wp-json\/wp\/v2\/tags?post=162"}],"curies":[{"name":"wp","href":"https:\/\/api.w.org\/{rel}","templated":true}]}}